{"id":15205,"date":"2017-01-25T15:40:52","date_gmt":"2017-01-25T14:40:52","guid":{"rendered":"http:\/\/schriften.yoga-vidya.de\/hatha-yoga-pradipika\/?p=15205"},"modified":"2025-07-15T14:35:34","modified_gmt":"2025-07-15T12:35:34","slug":"4-kapitel-vers-89","status":"publish","type":"post","link":"https:\/\/schriften.yoga-vidya.de\/hatha-yoga-pradipika\/4-kapitel-vers-89\/","title":{"rendered":"4. Kapitel, Vers 89"},"content":{"rendered":"<h3>Deutsche \u00dcbersetzung:<\/h3>\n<p>Woran der Geist auch immer als erstes gefesselt sein mag, dort wird es ruhig und es wird von ihm aufgenommen.<\/p>\n<h3>Sanskrit Text:<\/h3>\n<ul>\n<li>yatra kutr\u0101pi v\u0101 n\u0101de lagati prathama\u1e43 mana\u1e25 |<br \/>\ntatraiva su-sthir\u012b-bh\u016bya tena s\u0101rdha\u1e43 vil\u012byate || 89 ||<\/li>\n<li><span style=\"font-size: 1.5em;\">\u092f\u0924\u094d\u0930 \u0915\u0941\u0924\u094d\u0930\u093e\u092a\u093f \u0935\u093e \u0928\u093e\u0926\u0947 \u0932\u0917\u0924\u093f \u092a\u094d\u0930\u0925\u092e\u0902 \u092e\u0928\u0903 |<br \/>\n\u0924\u0924\u094d\u0930\u0948\u0935 \u0938\u0941\u0938\u094d\u0925\u093f\u0930\u0940\u092d\u0942\u092f \u0924\u0947\u0928 \u0938\u093e\u0930\u094d\u0927\u0902 \u0935\u093f\u0932\u0940\u092f\u0924\u0947 || \u096e\u096f ||<\/span><\/li>\n<li>yatra kutrapi va nade lagati prathamam manah |<br \/>\ntatraiva susthiribhuya tena sardham viliyate || 89 ||<\/li>\n<\/ul>\n<h3>Wort-f\u00fcr-Wort-\u00dcbersetzung:<\/h3>\n<ul>\n<li>yatra : auf welchen (<a title=\"Yatra\" href=\"https:\/\/wiki.yoga-vidya.de\/Yatra\">Yatra<\/a>)<\/li>\n<li>kutra api : auch immer (\u201ewo auch\u201c\u00a0<a title=\"Kutra\" href=\"https:\/\/wiki.yoga-vidya.de\/Kutra\">Kutra<\/a> <a title=\"Api\" href=\"https:\/\/wiki.yoga-vidya.de\/Api\">Api<\/a>)<\/li>\n<li>v\u0101 : oder (<a title=\"Va\" href=\"https:\/\/wiki.yoga-vidya.de\/Va\">Va<\/a>)<\/li>\n<li>n\u0101de<strong>*<\/strong> : Klang (<a title=\"Nada\" href=\"https:\/\/wiki.yoga-vidya.de\/Nada\">Nada<\/a>)<\/li>\n<li>lagati : sich richtet (\u201ehaften bleibt\u201c, <a title=\"Lag\" href=\"https:\/\/wiki.yoga-vidya.de\/Lag\">lag<\/a>)<\/li>\n<li>prathama\u1e43 : zuerst (<a title=\"Prathama\" href=\"https:\/\/wiki.yoga-vidya.de\/Prathama\">Prathama<\/a>)<\/li>\n<li>manas : (der) Geist (<a title=\"Manas\" href=\"https:\/\/wiki.yoga-vidya.de\/Manas\">Manas<\/a>)<\/li>\n<li>tatra : bei diesem (\u201edort\u201c, <a title=\"Tatra\" href=\"https:\/\/wiki.yoga-vidya.de\/Tatra\">Tatra<\/a>)<\/li>\n<li>eva : genau (<a title=\"Eva\" href=\"https:\/\/wiki.yoga-vidya.de\/Eva\">Eva<\/a>)<\/li>\n<li>su-sthir\u012b-bh\u016bya : wenn er (anhaltend) fixiert (\u201esehr fest\u201c, <a title=\"Su\" href=\"https:\/\/wiki.yoga-vidya.de\/Su\">Su<\/a>&#8211;<a title=\"Sthiri\" href=\"https:\/\/wiki.yoga-vidya.de\/Sthiri\">Sthiri<\/a>) ist (<a title=\"Bhu\" href=\"https:\/\/wiki.yoga-vidya.de\/Bhu\">bh\u016b<\/a>)<\/li>\n<li>tena : diesem (Klang, <a title=\"Tad\" href=\"https:\/\/wiki.yoga-vidya.de\/Tad\">Tad<\/a>)<\/li>\n<li>s\u0101rdha\u1e43 : mit (<a title=\"Sardha\" href=\"https:\/\/wiki.yoga-vidya.de\/Sardha\">Sardha<\/a>)<\/li>\n<li>vil\u012byate<strong>*<\/strong><strong>*<\/strong> : l\u00f6st er sich (schlie\u00dflich) auf (vi + <a title=\"Li\" href=\"https:\/\/wiki.yoga-vidya.de\/Li\">l\u012b<\/a>) \u00a0\u00a0\u00a0\u00a0\u00a0 || 89 ||<\/li>\n<\/ul>\n<p>*Anmerkung: Der Kommentator <a title=\"Brahmananda\" href=\"https:\/\/wiki.yoga-vidya.de\/Brahmananda\">Brahmananda<\/a> erkl\u00e4rt, dass hier der tiefe (<a title=\"Ghana\" href=\"https:\/\/wiki.yoga-vidya.de\/Ghana\">Ghana<\/a>) bzw. (<em>v\u0101<\/em>) feine (<a title=\"Sukshma\" href=\"https:\/\/wiki.yoga-vidya.de\/Sukshma\">Sukshma<\/a>) Klang\u00a0(<a title=\"Nada\" href=\"https:\/\/wiki.yoga-vidya.de\/Nada\">Nada<\/a>) gemeint ist: <em>ghane s\u016bk\u1e63me v\u0101 n\u0101de<\/em> (vgl. Vers 88 dieses Kapitels).<\/p>\n<p>**Laut <a title=\"Brahmananda\" href=\"https:\/\/wiki.yoga-vidya.de\/Brahmananda\">Brahmananda<\/a> werden in diesem Vers nacheinander die Stufen von <a title=\"Pratyahara\" href=\"https:\/\/wiki.yoga-vidya.de\/Pratyahara\">Pratyahara<\/a>, <a title=\"Dharana\" href=\"https:\/\/wiki.yoga-vidya.de\/Dharana\">Dharana<\/a>, <a title=\"Dhyana\" href=\"https:\/\/wiki.yoga-vidya.de\/Dhyana\">Dhyana<\/a> und <a title=\"Samadhi\" href=\"https:\/\/wiki.yoga-vidya.de\/Samadhi\">Samadhi<\/a> beschrieben: das Zur\u00fcckziehen der Sinne (<a title=\"Pratyahara\" href=\"https:\/\/wiki.yoga-vidya.de\/Pratyahara\">Pratyahara<\/a>) auf ein inneres Meditationsobjekt, das Fixieren und auschlie\u00dfliche sowie dauerhafte Halten (<a title=\"Dharana\" href=\"https:\/\/wiki.yoga-vidya.de\/Dharana\">Dharana<\/a>) der Aufmerksamkeit auf diesem Objekt, und die letztendliche, sich an die Meditation (<a title=\"Dhyana\" href=\"https:\/\/wiki.yoga-vidya.de\/Dhyana\">Dhyana<\/a>) anschlie\u00dfende Absorbierung (<a title=\"Samadhi\" href=\"https:\/\/wiki.yoga-vidya.de\/Samadhi\">Samadhi<\/a>) des Geistes, was seiner \u201eAufl\u00f6sung\u201c (<a title=\"Laya\" href=\"https:\/\/wiki.yoga-vidya.de\/Laya\">Laya<\/a>) gleichkommt.<\/p>\n<h3>Kommentare &#8211; Audio &#8211; Video<\/h3>\n<div class=\"responsive-tabs\">\n<h2 class=\"tabtitle\">Brahmananda<\/h2>\n<div class=\"tabcontent\">\n\n<p>Der <a href=\"https:\/\/wiki.yoga-vidya.de\/Geist\" target=\"_blank\" rel=\"noopener\">Geist<\/a> fixiert sich selbst auf <a href=\"https:\/\/wiki.yoga-vidya.de\/Nada\" target=\"_blank\" rel=\"noopener\">Nada<\/a>, zu welchem er zuerst hingezogen wird, bis er eins wird mit diesem.<\/p>\n<p>Verse 87, 88 und 89 beschreiben Schritt f\u00fcr Schritt <a href=\"https:\/\/wiki.yoga-vidya.de\/Pratyahara\" target=\"_blank\" rel=\"noopener\">Pratyahara<\/a>, <a href=\"https:\/\/wiki.yoga-vidya.de\/Dharana\" target=\"_blank\" rel=\"noopener\">Dharana<\/a>, <a href=\"https:\/\/wiki.yoga-vidya.de\/Dhyana\" target=\"_blank\" rel=\"noopener\">Dhyana<\/a> und <a href=\"https:\/\/wiki.yoga-vidya.de\/Samadhi\" target=\"_blank\" rel=\"noopener\">Samadhi<\/a>.<\/p>\n\n<\/div><h2 class=\"tabtitle\">Vishnu-devananda<\/h2>\n<div class=\"tabcontent\">\n\n<p>.\/.<\/p>\n\n<\/div><h2 class=\"tabtitle\">Sukadev<\/h2>\n<div class=\"tabcontent\">\n\n<p>.\/.<\/p>\n<p>\n<\/div><h2 class=\"tabtitle\">Audio<\/h2>\n<div class=\"tabcontent\">\n<br \/>\n<div class=\"powerpress_player\" id=\"powerpress_player_301\"><audio class=\"wp-audio-shortcode\" id=\"audio-15205-1\" preload=\"none\" style=\"width: 100%;\" controls=\"controls\"><source type=\"audio\/mpeg\" src=\"https:\/\/jkv3wg.podcaster.de\/download\/279_Hathayoga_Pradipika_4_Kap_89.mp3?_=1\" \/><a href=\"https:\/\/jkv3wg.podcaster.de\/download\/279_Hathayoga_Pradipika_4_Kap_89.mp3\">https:\/\/jkv3wg.podcaster.de\/download\/279_Hathayoga_Pradipika_4_Kap_89.mp3<\/a><\/audio><\/div><p class=\"powerpress_links powerpress_links_mp3\" style=\"margin-bottom: 1px !important;\">Podcast: <a href=\"https:\/\/jkv3wg.podcaster.de\/download\/279_Hathayoga_Pradipika_4_Kap_89.mp3\" class=\"powerpress_link_pinw\" target=\"_blank\" title=\"Play in new window\" onclick=\"return powerpress_pinw('https:\/\/schriften.yoga-vidya.de\/hatha-yoga-pradipika\/?powerpress_pinw=15205-podcast');\" rel=\"nofollow\">Play in new window<\/a> | <a href=\"https:\/\/jkv3wg.podcaster.de\/download\/279_Hathayoga_Pradipika_4_Kap_89.mp3\" class=\"powerpress_link_d\" title=\"Download\" rel=\"nofollow\" download=\"279_Hathayoga_Pradipika_4_Kap_89.mp3\">Download<\/a><\/p><p class=\"powerpress_links powerpress_subscribe_links\">Subscribe: <a href=\"https:\/\/schriften.yoga-vidya.de\/hatha-yoga-pradipika\/feed\/podcast\/\" class=\"powerpress_link_subscribe powerpress_link_subscribe_rss\" target=\"_blank\" title=\"Subscribe via RSS\" rel=\"nofollow\">RSS<\/a><\/p><\/p>\n\n<\/div><h2 class=\"tabtitle\">Video<\/h2>\n<div class=\"tabcontent\">\n\n<p>.\/.<\/p>\n<\/div><\/div>\n","protected":false},"excerpt":{"rendered":"<p>Deutsche \u00dcbersetzung: Woran der Geist auch immer als erstes gefesselt sein mag, dort wird es ruhig und es wird von ihm aufgenommen. Sanskrit Text: yatra kutr\u0101pi v\u0101 n\u0101de lagati prathama\u1e43 mana\u1e25 | tatraiva su-sthir\u012b-bh\u016bya tena s\u0101rdha\u1e43 vil\u012byate || 89 || \u092f\u0924\u094d\u0930 \u0915\u0941\u0924\u094d\u0930\u093e\u092a\u093f \u0935\u093e \u0928\u093e\u0926\u0947 \u0932\u0917\u0924\u093f \u092a\u094d\u0930\u0925\u092e\u0902 \u092e\u0928\u0903 | \u0924\u0924\u094d\u0930\u0948\u0935 \u0938\u0941\u0938\u094d\u0925\u093f\u0930\u0940\u092d\u0942\u092f \u0924\u0947\u0928 \u0938\u093e\u0930\u094d\u0927\u0902 \u0935\u093f\u0932\u0940\u092f\u0924\u0947 || \u096e\u096f &hellip; <a href=\"https:\/\/schriften.yoga-vidya.de\/hatha-yoga-pradipika\/4-kapitel-vers-89\/\" class=\"more-link\"><span class=\"screen-reader-text\">4. Kapitel, Vers 89<\/span> weiterlesen<\/a><\/p>\n","protected":false},"author":1,"featured_media":0,"comment_status":"closed","ping_status":"closed","sticky":false,"template":"","format":"standard","meta":{"footnotes":""},"categories":[462,421],"tags":[376],"class_list":["post-15205","post","type-post","status-publish","format-standard","hentry","category-4-kapitel-verse-81-90","category-meditation-samadhi","tag-4-kapitel-89-vers"],"_links":{"self":[{"href":"https:\/\/schriften.yoga-vidya.de\/hatha-yoga-pradipika\/wp-json\/wp\/v2\/posts\/15205","targetHints":{"allow":["GET"]}}],"collection":[{"href":"https:\/\/schriften.yoga-vidya.de\/hatha-yoga-pradipika\/wp-json\/wp\/v2\/posts"}],"about":[{"href":"https:\/\/schriften.yoga-vidya.de\/hatha-yoga-pradipika\/wp-json\/wp\/v2\/types\/post"}],"author":[{"embeddable":true,"href":"https:\/\/schriften.yoga-vidya.de\/hatha-yoga-pradipika\/wp-json\/wp\/v2\/users\/1"}],"replies":[{"embeddable":true,"href":"https:\/\/schriften.yoga-vidya.de\/hatha-yoga-pradipika\/wp-json\/wp\/v2\/comments?post=15205"}],"version-history":[{"count":5,"href":"https:\/\/schriften.yoga-vidya.de\/hatha-yoga-pradipika\/wp-json\/wp\/v2\/posts\/15205\/revisions"}],"predecessor-version":[{"id":16702,"href":"https:\/\/schriften.yoga-vidya.de\/hatha-yoga-pradipika\/wp-json\/wp\/v2\/posts\/15205\/revisions\/16702"}],"wp:attachment":[{"href":"https:\/\/schriften.yoga-vidya.de\/hatha-yoga-pradipika\/wp-json\/wp\/v2\/media?parent=15205"}],"wp:term":[{"taxonomy":"category","embeddable":true,"href":"https:\/\/schriften.yoga-vidya.de\/hatha-yoga-pradipika\/wp-json\/wp\/v2\/categories?post=15205"},{"taxonomy":"post_tag","embeddable":true,"href":"https:\/\/schriften.yoga-vidya.de\/hatha-yoga-pradipika\/wp-json\/wp\/v2\/tags?post=15205"}],"curies":[{"name":"wp","href":"https:\/\/api.w.org\/{rel}","templated":true}]}}