{"id":13984,"date":"2017-01-12T15:12:19","date_gmt":"2017-01-12T14:12:19","guid":{"rendered":"http:\/\/schriften.yoga-vidya.de\/hatha-yoga-pradipika\/?p=13984"},"modified":"2025-06-27T16:47:06","modified_gmt":"2025-06-27T14:47:06","slug":"3-kapitel-vers-116","status":"publish","type":"post","link":"https:\/\/schriften.yoga-vidya.de\/hatha-yoga-pradipika\/3-kapitel-vers-116\/","title":{"rendered":"3. Kapitel, Vers 116"},"content":{"rendered":"<h3>Deutsche \u00dcbersetzung:<\/h3>\n<p>Der Yogi soll die Sonne zusammenziehen, und die Kundalini bewegen | Wo ist dann die Furcht vor dem Tod? Selbst wenn er vor seinen Mund kommt.<\/p>\n<h3>Sanskrit Text:<\/h3>\n<ul>\n<li>bh\u0101nor \u0101ku\u00f1cana\u1e41 kury\u0101t ku\u1e47\u1e0dal\u012b\u1e41 c\u0101layet tata\u1e25 |<br \/>\nm\u1e5btyu-vaktra-gatasy\u0101pi tasya m\u1e5btyu-bhaya\u1e41 kuta\u1e25 ||116||<\/li>\n<li><span style=\"font-size: 1.5em;\">\u092d\u093e\u0928\u094b\u0930\u093e\u0915\u0941\u091e\u094d\u091a\u0928\u0902 \u0915\u0941\u0930\u094d\u092f\u093e\u0924\u094d \u0915\u0941\u0923\u094d\u0921\u0932\u0940\u0902 \u091a\u093e\u0932\u092f\u0947\u0924\u094d\u0924\u0924\u0903 \u0964<br \/>\n\u092e\u0943\u0924\u094d\u092f\u0941\u0935\u0915\u094d\u0924\u094d\u0930\u0917\u0924\u0938\u094d\u092f\u093e\u092a\u093f \u0924\u0938\u094d\u092f \u092e\u0943\u0924\u094d\u092f\u0941\u092d\u092f\u0902 \u0915\u0941\u0924\u0903 \u0965\u0967\u0967\u096c\u0965<\/span><\/li>\n<li>bhanor akunchanam kuryat kundalim chalayet tatah |<br \/>\nmrityu vaktra gatasyapi tasya mrityu bhayam kutah ||116||<\/li>\n<\/ul>\n<h3>Wort-f\u00fcr-Wort-\u00dcbersetzung:<\/h3>\n<ul>\n<li>bh\u0101no\u1e25<strong>*<\/strong> : der Sonne (<a title=\"Bhanu\" href=\"https:\/\/wiki.yoga-vidya.de\/Bhanu\">Bhanu<\/a>, im Bereich des Nabels)<\/li>\n<li>\u0101ku\u00f1cana\u1e41 : (das) Einziehen (\u201eZusammenziehen\u201c, <a title=\"Akunchana\" href=\"https:\/\/wiki.yoga-vidya.de\/Akunchana\">Akunchana<\/a>)<\/li>\n<li>kury\u0101t : (man) f\u00fchre aus (\u201cmache\u201d, <a title=\"Kri\" href=\"https:\/\/wiki.yoga-vidya.de\/Kri\">k\u1e5b<\/a>)<\/li>\n<li>ku\u1e47\u1e0dal\u012b\u1e41 : (die) <a title=\"Kundali\" href=\"https:\/\/wiki.yoga-vidya.de\/Kundali\">Kundali(ni)<\/a><\/li>\n<li>c\u0101layet : man setze in Bewegung (<a title=\"Chal\" href=\"https:\/\/wiki.yoga-vidya.de\/Chal\">cal<\/a>)<\/li>\n<li>tata\u1e25 : dann (<a title=\"Tatas\" href=\"https:\/\/wiki.yoga-vidya.de\/Tatas\">Tatas<\/a>)<\/li>\n<li>m\u1e5btyu : (des) Todes (<a title=\"Mrityu\" href=\"https:\/\/wiki.yoga-vidya.de\/Mrityu\">Mrityu<\/a>)<\/li>\n<li>vaktra : (in den) Mund (<a title=\"Vaktra\" href=\"https:\/\/wiki.yoga-vidya.de\/Vaktra\">Vaktra<\/a>)<\/li>\n<li>gatasya : (einer, der) gelangt (\u201egegangen\u201c) ist (<a title=\"Gata\" href=\"https:\/\/wiki.yoga-vidya.de\/Gata\">Gata<\/a>)<\/li>\n<li>api : sogar (<a title=\"Api\" href=\"https:\/\/wiki.yoga-vidya.de\/Api\">Api<\/a>)<\/li>\n<li>tasya : diesem (<a title=\"Tad\" href=\"https:\/\/wiki.yoga-vidya.de\/Tad\">Tad<\/a>)<\/li>\n<li>m\u1e5btyu : (vor dem) Tod<\/li>\n<li>bhaya\u1e41 : Furcht, Angst (<a title=\"Bhaya\" href=\"https:\/\/wiki.yoga-vidya.de\/Bhaya\">Bhaya<\/a>)<\/li>\n<li>kuta\u1e25 : woher (sollte kommen, <a title=\"Kutas\" href=\"https:\/\/wiki.yoga-vidya.de\/Kutas\">Kutas<\/a>) \u00a0\u00a0\u00a0\u00a0\u00a0\u00a0\u00a0 ||116||<\/li>\n<\/ul>\n<p>*Anmerkung: Der Kommentator <a title=\"Brahmananda\" href=\"https:\/\/wiki.yoga-vidya.de\/Brahmananda\">Brahmananda<\/a> erkl\u00e4rt, dass sich die \u201eSonne\u201c (<a title=\"Bhanu\" href=\"https:\/\/wiki.yoga-vidya.de\/Bhanu\">Bhanu<\/a>, <a title=\"Surya\" href=\"https:\/\/wiki.yoga-vidya.de\/Surya\">Surya<\/a>) im Bereich (<a title=\"Desha\" href=\"https:\/\/wiki.yoga-vidya.de\/Desha\">Desha<\/a>) des Nabels (<a title=\"Nabhi\" href=\"https:\/\/wiki.yoga-vidya.de\/Nabhi\">Nabhi<\/a>) befindet (<a title=\"Stha\" href=\"https:\/\/wiki.yoga-vidya.de\/Stha\">Stha<\/a>): <em>bh\u0101nor n\u0101bhi-de\u015ba-sthasya s\u016bryasa<\/em>.<\/p>\n<h3>Kommentare &#8211; Audio &#8211; Video<\/h3>\n<div class=\"responsive-tabs\">\n<h2 class=\"tabtitle\">Brahmananda<\/h2>\n<div class=\"tabcontent\">\n\n<p>Indem man den <a href=\"https:\/\/wiki.yoga-vidya.de\/Magen\" target=\"_blank\" rel=\"noopener\">Magen<\/a> zusammenzieht, zieht man die <a href=\"https:\/\/wiki.yoga-vidya.de\/Sonne\" target=\"_blank\" rel=\"noopener\">Sonne<\/a> zusammen.<\/p>\n\n<\/div><h2 class=\"tabtitle\">Vishnu-devananda<\/h2>\n<div class=\"tabcontent\">\n\n<p>Er sollte dann die <a href=\"https:\/\/wiki.yoga-vidya.de\/Sonne\" target=\"_blank\" rel=\"noopener\">Sonne<\/a> zusammenziehen (die nahe dem Nabel ist), und dann die <a href=\"https:\/\/wiki.yoga-vidya.de\/Kundalini\" target=\"_blank\" rel=\"noopener\">Kundalini<\/a> veranlassen, sich zu bewegen.<\/p>\n<p>Was hei\u00dft \u201eden <a href=\"https:\/\/www.yoga-vidya.de\/chakra\/manipura-chakra-nabelchakra.html\" target=\"_blank\" rel=\"noopener\">Nabel<\/a> zusammenziehen\u201c? <a href=\"https:\/\/wiki.yoga-vidya.de\/Uddiyana\" target=\"_blank\" rel=\"noopener\">Uddiyana<\/a> <a href=\"https:\/\/wiki.yoga-vidya.de\/Bandha\" target=\"_blank\" rel=\"noopener\">Bandha<\/a>. Das ist eine ziemlich fortgeschrittene \u00dcbung, nach Jahren des Trainings. Es ist nicht notwendig, an dieser Stelle dies noch n\u00e4her zu er\u00f6rtern. Wenn man dies zu fr\u00fch \u00fcbt, gelangt man wegen der Blockaden und Unreinheiten in der <a href=\"https:\/\/wiki.yoga-vidya.de\/Sushumna\" target=\"_blank\" rel=\"noopener\">Sushumna<\/a> zu keinem Resultat.<\/p>\n<p>Auch wenn er an der Schwelle des Todes steht, braucht er ihn nicht zu f\u00fcrchten.<\/p>\n<p>Wenn die <a href=\"https:\/\/wiki.yoga-vidya.de\/Energie\" target=\"_blank\" rel=\"noopener\">Energie<\/a> in der Sushumna ist, gibt es keinen <a href=\"https:\/\/www.yoga-vidya.de\/reinkarnation-wiedergeburt\/tod.html\" target=\"_blank\" rel=\"noopener\">Tod<\/a>.<\/p>\n\n<\/div><h2 class=\"tabtitle\">Sukadev<\/h2>\n<div class=\"tabcontent\">\n\n<p>.\/.<\/p>\n\n<\/div><h2 class=\"tabtitle\">Audio<\/h2>\n<div class=\"tabcontent\">\n\n<p>.\/.<\/p>\n\n<\/div><h2 class=\"tabtitle\">Video<\/h2>\n<div class=\"tabcontent\">\n\n<p>.\/.<\/p>\n<\/div><\/div>\n","protected":false},"excerpt":{"rendered":"<p>Deutsche \u00dcbersetzung: Der Yogi soll die Sonne zusammenziehen, und die Kundalini bewegen | Wo ist dann die Furcht vor dem Tod? Selbst wenn er vor seinen Mund kommt. Sanskrit Text: bh\u0101nor \u0101ku\u00f1cana\u1e41 kury\u0101t ku\u1e47\u1e0dal\u012b\u1e41 c\u0101layet tata\u1e25 | m\u1e5btyu-vaktra-gatasy\u0101pi tasya m\u1e5btyu-bhaya\u1e41 kuta\u1e25 ||116|| \u092d\u093e\u0928\u094b\u0930\u093e\u0915\u0941\u091e\u094d\u091a\u0928\u0902 \u0915\u0941\u0930\u094d\u092f\u093e\u0924\u094d \u0915\u0941\u0923\u094d\u0921\u0932\u0940\u0902 \u091a\u093e\u0932\u092f\u0947\u0924\u094d\u0924\u0924\u0903 \u0964 \u092e\u0943\u0924\u094d\u092f\u0941\u0935\u0915\u094d\u0924\u094d\u0930\u0917\u0924\u0938\u094d\u092f\u093e\u092a\u093f \u0924\u0938\u094d\u092f \u092e\u0943\u0924\u094d\u092f\u0941\u092d\u092f\u0902 \u0915\u0941\u0924\u0903 \u0965\u0967\u0967\u096c\u0965 bhanor akunchanam kuryat &hellip; <a href=\"https:\/\/schriften.yoga-vidya.de\/hatha-yoga-pradipika\/3-kapitel-vers-116\/\" class=\"more-link\"><span class=\"screen-reader-text\">3. Kapitel, Vers 116<\/span> weiterlesen<\/a><\/p>\n","protected":false},"author":1,"featured_media":0,"comment_status":"closed","ping_status":"closed","sticky":false,"template":"","format":"standard","meta":{"footnotes":""},"categories":[452,420],"tags":[273],"class_list":["post-13984","post","type-post","status-publish","format-standard","hentry","category-3-kapitel-verse-111-120","category-kundalini-mudra-tantra","tag-3-kapitel-116-vers"],"_links":{"self":[{"href":"https:\/\/schriften.yoga-vidya.de\/hatha-yoga-pradipika\/wp-json\/wp\/v2\/posts\/13984","targetHints":{"allow":["GET"]}}],"collection":[{"href":"https:\/\/schriften.yoga-vidya.de\/hatha-yoga-pradipika\/wp-json\/wp\/v2\/posts"}],"about":[{"href":"https:\/\/schriften.yoga-vidya.de\/hatha-yoga-pradipika\/wp-json\/wp\/v2\/types\/post"}],"author":[{"embeddable":true,"href":"https:\/\/schriften.yoga-vidya.de\/hatha-yoga-pradipika\/wp-json\/wp\/v2\/users\/1"}],"replies":[{"embeddable":true,"href":"https:\/\/schriften.yoga-vidya.de\/hatha-yoga-pradipika\/wp-json\/wp\/v2\/comments?post=13984"}],"version-history":[{"count":5,"href":"https:\/\/schriften.yoga-vidya.de\/hatha-yoga-pradipika\/wp-json\/wp\/v2\/posts\/13984\/revisions"}],"predecessor-version":[{"id":16695,"href":"https:\/\/schriften.yoga-vidya.de\/hatha-yoga-pradipika\/wp-json\/wp\/v2\/posts\/13984\/revisions\/16695"}],"wp:attachment":[{"href":"https:\/\/schriften.yoga-vidya.de\/hatha-yoga-pradipika\/wp-json\/wp\/v2\/media?parent=13984"}],"wp:term":[{"taxonomy":"category","embeddable":true,"href":"https:\/\/schriften.yoga-vidya.de\/hatha-yoga-pradipika\/wp-json\/wp\/v2\/categories?post=13984"},{"taxonomy":"post_tag","embeddable":true,"href":"https:\/\/schriften.yoga-vidya.de\/hatha-yoga-pradipika\/wp-json\/wp\/v2\/tags?post=13984"}],"curies":[{"name":"wp","href":"https:\/\/api.w.org\/{rel}","templated":true}]}}