{"id":13361,"date":"2016-12-27T16:43:55","date_gmt":"2016-12-27T15:43:55","guid":{"rendered":"http:\/\/schriften.yoga-vidya.de\/hatha-yoga-pradipika\/?p=13361"},"modified":"2024-07-09T14:55:57","modified_gmt":"2024-07-09T12:55:57","slug":"3-kapitel-vers-79","status":"publish","type":"post","link":"https:\/\/schriften.yoga-vidya.de\/hatha-yoga-pradipika\/3-kapitel-vers-79\/","title":{"rendered":"3. Kapitel, Vers 79"},"content":{"rendered":"<h3>Deutsche \u00dcbersetzung:<\/h3>\n<p>Den Nabel oben und den Gaumen unten, Sonne oben und Mond unten. | Das wird Viparita Karani genannt. Es muss nach der Erkl\u00e4rung des Lehrers (Guru) erlernt werden.<\/p>\n<h3>Sanskrit Text:<\/h3>\n<ul>\n<li>\u016brdhva-n\u0101bher adhas-t\u0101lor \u016brdhva\u1e41 bh\u0101nur adha\u1e25 \u015ba\u015b\u012b |<br \/>\nkara\u1e47\u012b vipar\u012bt\u0101khy\u0101 guru-v\u0101kyena labhyate ||79||<\/li>\n<li><span style=\"font-size: 1.5em;\">\u090a\u0930\u094d\u0927\u094d\u0935\u0928\u093e\u092d\u0947\u0930\u0927\u0938\u094d\u0924\u093e\u0932\u094b\u0930\u0942\u0930\u094d\u0927\u094d\u0935\u0902 \u092d\u093e\u0928\u0941\u0930\u0927\u0903 \u0936\u0936\u0940 \u0964<br \/>\n\u0915\u0930\u0923\u0940 \u0935\u093f\u092a\u0930\u0940\u0924\u093e\u0916\u093e \u0917\u0941\u0930\u0941\u0935\u093e\u0915\u094d\u092f\u0947\u0928 \u0932\u092d\u094d\u092f\u0924\u0947 \u0965\u096d\u096f\u0965<\/span><\/li>\n<li>urdhva nabher adhas talor urdhvam bhanur adhah shashi |<br \/>\nkarani viparitakhya guru vakyena labhyate ||79||<\/li>\n<\/ul>\n<h3>Wort-f\u00fcr-Wort-\u00dcbersetzung:<\/h3>\n<ul>\n<li>\u016brdhva : oben (ist, <a title=\"Urdhva\" href=\"https:\/\/wiki.yoga-vidya.de\/Urdhva\">Urdhva<\/a>)<\/li>\n<li>n\u0101bhe\u1e25 : (bei einem Yogi, dessen) Nabel (<a title=\"Nabhi\" href=\"https:\/\/wiki.yoga-vidya.de\/Nabhi\">Nabhi<\/a>)<\/li>\n<li>adhas : unten (ist, <a title=\"Adhas\" href=\"https:\/\/wiki.yoga-vidya.de\/Adhas\">Adhas<\/a>)<\/li>\n<li>t\u0101lo\u1e25 : (und dessen) Gaumen (<a title=\"Talu\" href=\"https:\/\/wiki.yoga-vidya.de\/Talu\">Talu<\/a>)<\/li>\n<li>\u016brdhva\u1e41 : oben<\/li>\n<li>bh\u0101nu\u1e25 : (ist die) Sonne (<a title=\"Bhanu\" href=\"https:\/\/wiki.yoga-vidya.de\/Bhanu\">Bhanu<\/a>)<\/li>\n<li>adhas : unten<\/li>\n<li>\u015ba\u015b\u012b : (und der) Mond (<span class=\"redirectText\"><a title=\"Shashin\" href=\"https:\/\/wiki.yoga-vidya.de\/Shashin\">Shashin<\/a><\/span>)<\/li>\n<li>kara\u1e47\u012b : (dieses) Siegel (<a title=\"Karani\" href=\"https:\/\/wiki.yoga-vidya.de\/Karani\">Karani<\/a>)<\/li>\n<li>vipar\u012bta : \u201edas Umgekehrte\u201c (<a title=\"Viparita\" href=\"https:\/\/wiki.yoga-vidya.de\/Viparita\">Viparita<\/a>)<\/li>\n<li>\u0101khy\u0101 : namens (<a title=\"Akhya\" href=\"https:\/\/wiki.yoga-vidya.de\/Akhya\">Akhya<\/a>)<\/li>\n<li>guru : (des) Lehrers, Meisters (<a title=\"Guru\" href=\"https:\/\/wiki.yoga-vidya.de\/Guru\">Guru<\/a>)<\/li>\n<li>v\u0101kyena : durch die Worte (\u201edas Wort\u201c, <a title=\"Vakya\" href=\"https:\/\/wiki.yoga-vidya.de\/Vakya\">Vakya<\/a>)<\/li>\n<li>labhyate : wird erlangt (<a title=\"Labh\" href=\"https:\/\/wiki.yoga-vidya.de\/Labh\">labh<\/a>) \u00a0\u00a0\u00a0\u00a0\u00a0 ||79||<\/li>\n<\/ul>\n<h3>Kommentare &#8211; Audio &#8211; Video<\/h3>\n<div class=\"responsive-tabs\">\n<h2 class=\"tabtitle\">Brahmananda<\/h2>\n<div class=\"tabcontent\">\n\n<p>.\/.<\/p>\n\n<\/div><h2 class=\"tabtitle\">Vishnu-devananda<\/h2>\n<div class=\"tabcontent\">\n\n<p>Dieser ist bekannt als <a href=\"https:\/\/wiki.yoga-vidya.de\/Viparita_Karani\" target=\"_blank\" rel=\"noopener\">Viparita Karani<\/a>. Er besteht darin, dass <a href=\"https:\/\/wiki.yoga-vidya.de\/Sonne\" target=\"_blank\" rel=\"noopener\">Sonne<\/a> und <a href=\"https:\/\/wiki.yoga-vidya.de\/Mond\" target=\"_blank\" rel=\"noopener\">Mond<\/a> veranlasst werden, genau ihre gegenteilige Position einzunehmen, d.h. die Sonne, die nun unter dem <a href=\"https:\/\/www.yoga-vidya.de\/chakra\/manipura-chakra-nabelchakra.html\" target=\"_blank\" rel=\"noopener\">Nabel<\/a> liegt und der Mond, der \u00fcber dem Gaumen liegt, wechseln die Pl\u00e4tze. Das muss man vom <a href=\"https:\/\/wiki.yoga-vidya.de\/Guru\" target=\"_blank\" rel=\"noopener\">Guru<\/a> lernen.<\/p>\n\n<\/div><h2 class=\"tabtitle\">Sukadev<\/h2>\n<div class=\"tabcontent\">\n\n<p>.\/.<\/p>\n\n<\/div><h2 class=\"tabtitle\">Audio<\/h2>\n<div class=\"tabcontent\">\n\n<p>.\/.<\/p>\n\n<\/div><h2 class=\"tabtitle\">Video<\/h2>\n<div class=\"tabcontent\">\n\n<p>.\/.<\/p>\n<\/div><\/div>\n","protected":false},"excerpt":{"rendered":"<p>Deutsche \u00dcbersetzung: Den Nabel oben und den Gaumen unten, Sonne oben und Mond unten. | Das wird Viparita Karani genannt. Es muss nach der Erkl\u00e4rung des Lehrers (Guru) erlernt werden. Sanskrit Text: \u016brdhva-n\u0101bher adhas-t\u0101lor \u016brdhva\u1e41 bh\u0101nur adha\u1e25 \u015ba\u015b\u012b | kara\u1e47\u012b vipar\u012bt\u0101khy\u0101 guru-v\u0101kyena labhyate ||79|| \u090a\u0930\u094d\u0927\u094d\u0935\u0928\u093e\u092d\u0947\u0930\u0927\u0938\u094d\u0924\u093e\u0932\u094b\u0930\u0942\u0930\u094d\u0927\u094d\u0935\u0902 \u092d\u093e\u0928\u0941\u0930\u0927\u0903 \u0936\u0936\u0940 \u0964 \u0915\u0930\u0923\u0940 \u0935\u093f\u092a\u0930\u0940\u0924\u093e\u0916\u093e \u0917\u0941\u0930\u0941\u0935\u093e\u0915\u094d\u092f\u0947\u0928 \u0932\u092d\u094d\u092f\u0924\u0947 \u0965\u096d\u096f\u0965 urdhva nabher &hellip; <a href=\"https:\/\/schriften.yoga-vidya.de\/hatha-yoga-pradipika\/3-kapitel-vers-79\/\" class=\"more-link\"><span class=\"screen-reader-text\">3. Kapitel, Vers 79<\/span> weiterlesen<\/a><\/p>\n","protected":false},"author":1,"featured_media":0,"comment_status":"closed","ping_status":"closed","sticky":false,"template":"","format":"standard","meta":{"footnotes":""},"categories":[448,420],"tags":[236],"class_list":["post-13361","post","type-post","status-publish","format-standard","hentry","category-3-kapitel-verse-71-80","category-kundalini-mudra-tantra","tag-3-kapitel-79-vers"],"_links":{"self":[{"href":"https:\/\/schriften.yoga-vidya.de\/hatha-yoga-pradipika\/wp-json\/wp\/v2\/posts\/13361","targetHints":{"allow":["GET"]}}],"collection":[{"href":"https:\/\/schriften.yoga-vidya.de\/hatha-yoga-pradipika\/wp-json\/wp\/v2\/posts"}],"about":[{"href":"https:\/\/schriften.yoga-vidya.de\/hatha-yoga-pradipika\/wp-json\/wp\/v2\/types\/post"}],"author":[{"embeddable":true,"href":"https:\/\/schriften.yoga-vidya.de\/hatha-yoga-pradipika\/wp-json\/wp\/v2\/users\/1"}],"replies":[{"embeddable":true,"href":"https:\/\/schriften.yoga-vidya.de\/hatha-yoga-pradipika\/wp-json\/wp\/v2\/comments?post=13361"}],"version-history":[{"count":5,"href":"https:\/\/schriften.yoga-vidya.de\/hatha-yoga-pradipika\/wp-json\/wp\/v2\/posts\/13361\/revisions"}],"predecessor-version":[{"id":16487,"href":"https:\/\/schriften.yoga-vidya.de\/hatha-yoga-pradipika\/wp-json\/wp\/v2\/posts\/13361\/revisions\/16487"}],"wp:attachment":[{"href":"https:\/\/schriften.yoga-vidya.de\/hatha-yoga-pradipika\/wp-json\/wp\/v2\/media?parent=13361"}],"wp:term":[{"taxonomy":"category","embeddable":true,"href":"https:\/\/schriften.yoga-vidya.de\/hatha-yoga-pradipika\/wp-json\/wp\/v2\/categories?post=13361"},{"taxonomy":"post_tag","embeddable":true,"href":"https:\/\/schriften.yoga-vidya.de\/hatha-yoga-pradipika\/wp-json\/wp\/v2\/tags?post=13361"}],"curies":[{"name":"wp","href":"https:\/\/api.w.org\/{rel}","templated":true}]}}