{"id":15536,"date":"2009-06-15T19:00:54","date_gmt":"2009-06-15T17:00:54","guid":{"rendered":"http:\/\/schriften.yoga-vidya.de\/bhagavad-gita\/?p=15536"},"modified":"2020-08-06T16:38:14","modified_gmt":"2020-08-06T14:38:14","slug":"15-15-kommentar-swami-sivananda","status":"publish","type":"post","link":"https:\/\/schriften.yoga-vidya.de\/bhagavad-gita\/15-15-kommentar-swami-sivananda\/","title":{"rendered":"15-15 Kommentar Swami Sivananda"},"content":{"rendered":"<div class=\"powerpress_player\" id=\"powerpress_player_9577\"><a href=\"https:\/\/jkv3wg.podcaster.de\/download\/Bhagava_Gita_XV_15.mp3\" title=\"Play\" onclick=\"return powerpress_embed_html5a('9577','https:\/\/jkv3wg.podcaster.de\/download\/Bhagava_Gita_XV_15.mp3');\" target=\"_blank\"><img decoding=\"async\" src=\"https:\/\/schriften.yoga-vidya.de\/bhagavad-gita\/wp-content\/plugins\/powerpress\/play_audio.png\" title=\"Play\" alt=\"Play\" style=\"border:0;\" width=\"23px\" height=\"24px\" \/><\/a><\/div>\n<p class=\"powerpress_links powerpress_links_mp3\" style=\"margin-bottom: 1px !important;\">Podcast: <a href=\"https:\/\/jkv3wg.podcaster.de\/download\/Bhagava_Gita_XV_15.mp3\" class=\"powerpress_link_pinw\" target=\"_blank\" title=\"Play in new window\" onclick=\"return powerpress_pinw('https:\/\/schriften.yoga-vidya.de\/bhagavad-gita\/?powerpress_pinw=15536-podcast');\" rel=\"nofollow\">Play in new window<\/a> | <a href=\"https:\/\/jkv3wg.podcaster.de\/download\/Bhagava_Gita_XV_15.mp3\" class=\"powerpress_link_d\" title=\"Download\" rel=\"nofollow\" download=\"Bhagava_Gita_XV_15.mp3\">Download<\/a><\/p>\n<p>Ich wohne in den <a href=\"https:\/\/wiki.yoga-vidya.de\/Herz\" target=\"_blank\" rel=\"noopener noreferrer\">Herzen<\/a> aller empfindenden <a href=\"https:\/\/wiki.yoga-vidya.de\/Wesen\" target=\"_blank\" rel=\"noopener noreferrer\">Wesen<\/a> als ihr innerstes <a href=\"https:\/\/wiki.yoga-vidya.de\/Selbst\" target=\"_blank\" rel=\"noopener noreferrer\">Selbst<\/a>. Daher kommen aus Mir, dem Selbst aller Wesen, Erinnerung, <a href=\"https:\/\/wiki.yoga-vidya.de\/Erkenntnis\" target=\"_blank\" rel=\"noopener noreferrer\">Erkenntnis<\/a> und deren Verlust. Rechtschaffene Menschen besitzen Erkenntnis und Erinnerung als ein Ergebnis tugendhafter Taten. S\u00fcndige <a href=\"https:\/\/www.yoga-vidya.de\/Yoga--Artikel\/Art-Artikel\/art_mensch.html\" target=\"_blank\" rel=\"noopener noreferrer\">Menschen<\/a> erleiden einen Verlust von Erinnerung und Erkenntnis als Ergebnis s\u00fcndhafter Taten. <a href=\"https:\/\/wiki.yoga-vidya.de\/Tugend\" target=\"_blank\" rel=\"noopener noreferrer\">Tugend<\/a> f\u00f6rdert <a href=\"https:\/\/wiki.yoga-vidya.de\/Frieden\" target=\"_blank\" rel=\"noopener noreferrer\">Frieden<\/a> und daher intellektuelle Kr\u00e4fte.<br \/>\n<a href=\"https:\/\/wiki.yoga-vidya.de\/Apohana\" target=\"_blank\" rel=\"noopener noreferrer\"><strong>Apohanam<\/strong><\/a>: Verlust (Zerst\u00f6rung oder Fehlen) von <a href=\"https:\/\/wiki.yoga-vidya.de\/Erinnerung\" target=\"_blank\" rel=\"noopener noreferrer\">Erinnerung<\/a> und <a href=\"https:\/\/wiki.yoga-vidya.de\/Wissen\" target=\"_blank\" rel=\"noopener noreferrer\">Wissen<\/a>, wie auch die \u00bbF\u00e4higkeit zum \u00dcberlegen\u00ab. Der Verlust von Erinnerung und Wissen ist zur\u00fcckzuf\u00fchren auf <a href=\"https:\/\/wiki.yoga-vidya.de\/Lust\" target=\"_blank\" rel=\"noopener noreferrer\">Lust<\/a>, <a href=\"https:\/\/wiki.yoga-vidya.de\/Zorn\" target=\"_blank\" rel=\"noopener noreferrer\">Zorn<\/a>, <a href=\"https:\/\/wiki.yoga-vidya.de\/Gier\" target=\"_blank\" rel=\"noopener noreferrer\">Gier<\/a> und <a href=\"https:\/\/wiki.yoga-vidya.de\/T\u00e4uschung\" target=\"_blank\" rel=\"noopener noreferrer\">T\u00e4uschung<\/a>.<br \/>\n<a href=\"https:\/\/wiki.yoga-vidya.de\/Smriti\" target=\"_blank\" rel=\"noopener noreferrer\"><strong>Smriti<\/strong><\/a>: Erinnerung. Es ist eine spezielle Erscheinungsform des Geistes (<a href=\"https:\/\/wiki.yoga-vidya.de\/Antahkarana\" target=\"_blank\" rel=\"noopener noreferrer\">Antahkarana <\/a><a href=\"https:\/\/wiki.yoga-vidya.de\/Vritti\" target=\"_blank\" rel=\"noopener noreferrer\">Vritti<\/a>), die aus <a href=\"https:\/\/wiki.yoga-vidya.de\/Samskara\" target=\"_blank\" rel=\"noopener noreferrer\">Samskaras<\/a> entsteht, welche das Wiederauftauchen von vergangenen <a href=\"https:\/\/www.yoga-vidya.de\/gemeinschaft\/erfahrungen\/\" target=\"_blank\" rel=\"noopener noreferrer\">Erfahrungen<\/a> oder Erlebtem durch Sinnesobjekte in diesem <a href=\"https:\/\/www.yoga-vidya.de\/Yoga--Artikel\/Art-Artikel\/art_leben.html\" target=\"_blank\" rel=\"noopener noreferrer\">Leben<\/a> eines weltlichen Menschen bewirken, der nicht <a href=\"https:\/\/www.yoga-vidya.de\/yoga\/\" target=\"_blank\" rel=\"noopener noreferrer\">Yoga<\/a> praktiziert hat. Ein <a href=\"https:\/\/wiki.yoga-vidya.de\/Yogi\" target=\"_blank\" rel=\"noopener noreferrer\">Yogi<\/a> erlangt das Wiederauftauchen von Erfahrungen aus seinen vergangenen Leben und transzendentales Wissen, das jenseits von <a href=\"https:\/\/www.yoga-vidya.de\/Yoga--Artikel\/Art-Artikel\/art_Zeit.html\" target=\"_blank\" rel=\"noopener noreferrer\">Zeit<\/a>, <a href=\"https:\/\/wiki.yoga-vidya.de\/Raum\" target=\"_blank\" rel=\"noopener noreferrer\">Raum<\/a>, <a href=\"https:\/\/wiki.yoga-vidya.de\/Kausalit\u00e4t\" target=\"_blank\" rel=\"noopener noreferrer\">Kausalit\u00e4t<\/a> und sichtbarer <a href=\"https:\/\/wiki.yoga-vidya.de\/Natur\" target=\"_blank\" rel=\"noopener noreferrer\">Natur<\/a> liegt.<\/p>\n<p>Ich bin das zentrale Thema der <a href=\"https:\/\/wiki.yoga-vidya.de\/Veden\" target=\"_blank\" rel=\"noopener noreferrer\">Veden<\/a>. Die Veden verstehen, hei\u00dft Mich kennen. Ich, das h\u00f6chste Wesen, kann in allen Veden erkannt werden. Ich kenne die Lehre oder Bedeutung der Veden. Ich bin der Grund daf\u00fcr, da\u00df die Lehre der <a href=\"https:\/\/wiki.yoga-vidya.de\/Vedanta\" target=\"_blank\" rel=\"noopener noreferrer\">Vedanta<\/a> in regelm\u00e4\u00dfiger Abfolge weitergegeben wird. Ich bin der Urheber dessen, was jenseits der Veden liegt, n\u00e4mlich der <a href=\"https:\/\/www.yoga-vidya.de\/Yoga--Artikel\/Art-Artikel\/art_upanishaden.html\" target=\"_blank\" rel=\"noopener noreferrer\">Upanishaden<\/a>, die die Vedanta ausmachen und sich mit dem transzendentalen h\u00f6chsten Wesen besch\u00e4ftigen, Das sich jenseits aller Namen und Formen befindet und ohne Eigenschaften ist.<\/p>\n<p>Eine kurze Beschreibung der Herrlichkeiten von <a href=\"https:\/\/wiki.yoga-vidya.de\/Gott\" target=\"_blank\" rel=\"noopener noreferrer\">Gott<\/a> <a href=\"https:\/\/wiki.yoga-vidya.de\/Narayana\" target=\"_blank\" rel=\"noopener noreferrer\">Narayana<\/a> in der <a href=\"https:\/\/wiki.yoga-vidya.de\/Manifestation\" target=\"_blank\" rel=\"noopener noreferrer\">Manifestation<\/a> in besonderen Medien wurde in den letzten vier Versen gegeben. Durch den n\u00e4chsten Vers wird eine Beschreibung der Form des <a href=\"https:\/\/wiki.yoga-vidya.de\/Purushottama\" target=\"_blank\" rel=\"noopener noreferrer\">Purushottama<\/a> gegeben, Der ohne jede begrenzende H\u00fclle ist. (Vgl.X.20)<\/p>\n","protected":false},"excerpt":{"rendered":"<p>Ich wohne in den Herzen aller empfindenden Wesen als ihr innerstes Selbst. Daher kommen aus Mir, dem Selbst aller Wesen, Erinnerung, Erkenntnis und deren Verlust. Rechtschaffene Menschen besitzen Erkenntnis und Erinnerung als ein Ergebnis tugendhafter Taten. S\u00fcndige Menschen erleiden einen Verlust von Erinnerung und Erkenntnis als &hellip; <\/p>\n<p><a href=\"https:\/\/schriften.yoga-vidya.de\/bhagavad-gita\/15-15-kommentar-swami-sivananda\/\" class=\"more-link\"><span class=\"morelink-icon\">Weiterlesen<\/span><\/a><\/p>\n","protected":false},"author":22,"featured_media":0,"comment_status":"open","ping_status":"open","sticky":false,"template":"","format":"standard","meta":{"footnotes":""},"categories":[17],"tags":[648,824],"class_list":["post-15536","post","type-post","status-publish","format-standard","hentry","category-15-kapitel","tag-15-kapitel-15-vers","tag-kommentar-swami-sivananda"],"_links":{"self":[{"href":"https:\/\/schriften.yoga-vidya.de\/bhagavad-gita\/wp-json\/wp\/v2\/posts\/15536","targetHints":{"allow":["GET"]}}],"collection":[{"href":"https:\/\/schriften.yoga-vidya.de\/bhagavad-gita\/wp-json\/wp\/v2\/posts"}],"about":[{"href":"https:\/\/schriften.yoga-vidya.de\/bhagavad-gita\/wp-json\/wp\/v2\/types\/post"}],"author":[{"embeddable":true,"href":"https:\/\/schriften.yoga-vidya.de\/bhagavad-gita\/wp-json\/wp\/v2\/users\/22"}],"replies":[{"embeddable":true,"href":"https:\/\/schriften.yoga-vidya.de\/bhagavad-gita\/wp-json\/wp\/v2\/comments?post=15536"}],"version-history":[{"count":3,"href":"https:\/\/schriften.yoga-vidya.de\/bhagavad-gita\/wp-json\/wp\/v2\/posts\/15536\/revisions"}],"predecessor-version":[{"id":21973,"href":"https:\/\/schriften.yoga-vidya.de\/bhagavad-gita\/wp-json\/wp\/v2\/posts\/15536\/revisions\/21973"}],"wp:attachment":[{"href":"https:\/\/schriften.yoga-vidya.de\/bhagavad-gita\/wp-json\/wp\/v2\/media?parent=15536"}],"wp:term":[{"taxonomy":"category","embeddable":true,"href":"https:\/\/schriften.yoga-vidya.de\/bhagavad-gita\/wp-json\/wp\/v2\/categories?post=15536"},{"taxonomy":"post_tag","embeddable":true,"href":"https:\/\/schriften.yoga-vidya.de\/bhagavad-gita\/wp-json\/wp\/v2\/tags?post=15536"}],"curies":[{"name":"wp","href":"https:\/\/api.w.org\/{rel}","templated":true}]}}