{"id":14787,"date":"2010-12-04T19:00:54","date_gmt":"2010-12-04T18:00:54","guid":{"rendered":"http:\/\/schriften.yoga-vidya.de\/bhagavad-gita\/?p=14787"},"modified":"2020-08-08T12:34:47","modified_gmt":"2020-08-08T10:34:47","slug":"05-27-kommentar-swami-sivananda","status":"publish","type":"post","link":"https:\/\/schriften.yoga-vidya.de\/bhagavad-gita\/05-27-kommentar-swami-sivananda\/","title":{"rendered":"05-27 Kommentar Swami Sivananda"},"content":{"rendered":"<div class=\"powerpress_player\" id=\"powerpress_player_1630\"><a href=\"https:\/\/jkv3wg.podcaster.de\/download\/Bhagavad_Gita_V_27.mp3\" title=\"Play\" onclick=\"return powerpress_embed_html5a('1630','https:\/\/jkv3wg.podcaster.de\/download\/Bhagavad_Gita_V_27.mp3');\" target=\"_blank\"><img decoding=\"async\" src=\"https:\/\/schriften.yoga-vidya.de\/bhagavad-gita\/wp-content\/plugins\/powerpress\/play_audio.png\" title=\"Play\" alt=\"Play\" style=\"border:0;\" width=\"23px\" height=\"24px\" \/><\/a><\/div>\n<p class=\"powerpress_links powerpress_links_mp3\" style=\"margin-bottom: 1px !important;\">Podcast: <a href=\"https:\/\/jkv3wg.podcaster.de\/download\/Bhagavad_Gita_V_27.mp3\" class=\"powerpress_link_pinw\" target=\"_blank\" title=\"Play in new window\" onclick=\"return powerpress_pinw('https:\/\/schriften.yoga-vidya.de\/bhagavad-gita\/?powerpress_pinw=14787-podcast');\" rel=\"nofollow\">Play in new window<\/a> | <a href=\"https:\/\/jkv3wg.podcaster.de\/download\/Bhagavad_Gita_V_27.mp3\" class=\"powerpress_link_d\" title=\"Download\" rel=\"nofollow\" download=\"Bhagavad_Gita_V_27.mp3\">Download<\/a><\/p>\n<p>Die Verse 27 und 28 handeln vom <a href=\"https:\/\/www.yoga-vidya.de\/yoga\/\" target=\"_blank\" rel=\"noopener noreferrer\">Yoga<\/a> der <a href=\"https:\/\/www.yoga-vidya.de\/meditation\/\" target=\"_blank\" rel=\"noopener noreferrer\">Meditation<\/a> (<a href=\"https:\/\/wiki.yoga-vidya.de\/Dhyana\" target=\"_blank\" rel=\"noopener noreferrer\">Dhyana<\/a>). Die \u00e4u\u00dferen Objekte oder Kontakte sind der <a href=\"https:\/\/wiki.yoga-vidya.de\/Klang\" target=\"_blank\" rel=\"noopener noreferrer\">Klang<\/a> und die anderen Sinnesobjekte. Wenn der <a href=\"https:\/\/wiki.yoga-vidya.de\/Geist\" target=\"_blank\" rel=\"noopener noreferrer\">Geist<\/a> nicht an die \u00e4u\u00dferen Dinge denkt, werden sie aus dem Geist verdr\u00e4ngt. Die <a href=\"https:\/\/wiki.yoga-vidya.de\/Sinne\" target=\"_blank\" rel=\"noopener noreferrer\">Sinne<\/a> sind die Tore oder Stra\u00dfen, durch die der Klang und andere Sinnesobjekte in den Geist gelangen. \u203a<a href=\"https:\/\/wiki.yoga-vidya.de\/Muni\" target=\"_blank\" rel=\"noopener noreferrer\">Muni<\/a>\u2039 ist ein <a href=\"https:\/\/www.yoga-vidya.de\/Yoga--Artikel\/art_mensch.html\" target=\"_blank\" rel=\"noopener noreferrer\">Mensch<\/a>, der <a href=\"https:\/\/wiki.yoga-vidya.de\/Manana\" target=\"_blank\" rel=\"noopener noreferrer\">Manana<\/a> praktiziert, das ist Reflexion oder <a href=\"https:\/\/wiki.yoga-vidya.de\/Kontemplation\" target=\"_blank\" rel=\"noopener noreferrer\">Kontemplation<\/a>.<\/p>\n<p>Wenn der Blick zwischen die Augenbrauen gerichtet ist, sind die Aug\u00e4pfel fest und unbeweglich. Hier wird die rhythmische Atmung beschrieben. Der <a href=\"https:\/\/wiki.yoga-vidya.de\/Atem\" target=\"_blank\" rel=\"noopener noreferrer\">Atem<\/a> mu\u00df rhythmisch gemacht werden. Der Geist wird ruhig, wenn der Atem rhythmisch wird. Wenn der Atem rhythmisch wird, herrscht v\u00f6llige <a href=\"https:\/\/wiki.yoga-vidya.de\/Harmonie\" target=\"_blank\" rel=\"noopener noreferrer\">Harmonie<\/a> im Geist und im gesamten System. (Vgl.VI.10, 14; VIII.10)<\/p>\n","protected":false},"excerpt":{"rendered":"<p>Die Verse 27 und 28 handeln vom Yoga der Meditation (Dhyana). Die \u00e4u\u00dferen Objekte oder Kontakte sind der Klang und die anderen Sinnesobjekte. Wenn der Geist nicht an die \u00e4u\u00dferen Dinge denkt, werden sie aus dem Geist verdr\u00e4ngt. Die Sinne sind die Tore oder Stra\u00dfen, durch &hellip; <\/p>\n<p><a href=\"https:\/\/schriften.yoga-vidya.de\/bhagavad-gita\/05-27-kommentar-swami-sivananda\/\" class=\"more-link\"><span class=\"morelink-icon\">Weiterlesen<\/span><\/a><\/p>\n","protected":false},"author":22,"featured_media":0,"comment_status":"open","ping_status":"open","sticky":false,"template":"","format":"standard","meta":{"footnotes":""},"categories":[7],"tags":[303,824],"class_list":["post-14787","post","type-post","status-publish","format-standard","hentry","category-05-kapitel","tag-5-kapitel-27-vers","tag-kommentar-swami-sivananda"],"_links":{"self":[{"href":"https:\/\/schriften.yoga-vidya.de\/bhagavad-gita\/wp-json\/wp\/v2\/posts\/14787","targetHints":{"allow":["GET"]}}],"collection":[{"href":"https:\/\/schriften.yoga-vidya.de\/bhagavad-gita\/wp-json\/wp\/v2\/posts"}],"about":[{"href":"https:\/\/schriften.yoga-vidya.de\/bhagavad-gita\/wp-json\/wp\/v2\/types\/post"}],"author":[{"embeddable":true,"href":"https:\/\/schriften.yoga-vidya.de\/bhagavad-gita\/wp-json\/wp\/v2\/users\/22"}],"replies":[{"embeddable":true,"href":"https:\/\/schriften.yoga-vidya.de\/bhagavad-gita\/wp-json\/wp\/v2\/comments?post=14787"}],"version-history":[{"count":3,"href":"https:\/\/schriften.yoga-vidya.de\/bhagavad-gita\/wp-json\/wp\/v2\/posts\/14787\/revisions"}],"predecessor-version":[{"id":22321,"href":"https:\/\/schriften.yoga-vidya.de\/bhagavad-gita\/wp-json\/wp\/v2\/posts\/14787\/revisions\/22321"}],"wp:attachment":[{"href":"https:\/\/schriften.yoga-vidya.de\/bhagavad-gita\/wp-json\/wp\/v2\/media?parent=14787"}],"wp:term":[{"taxonomy":"category","embeddable":true,"href":"https:\/\/schriften.yoga-vidya.de\/bhagavad-gita\/wp-json\/wp\/v2\/categories?post=14787"},{"taxonomy":"post_tag","embeddable":true,"href":"https:\/\/schriften.yoga-vidya.de\/bhagavad-gita\/wp-json\/wp\/v2\/tags?post=14787"}],"curies":[{"name":"wp","href":"https:\/\/api.w.org\/{rel}","templated":true}]}}