{"id":14567,"date":"2011-04-23T19:00:29","date_gmt":"2011-04-23T17:00:29","guid":{"rendered":"http:\/\/schriften.yoga-vidya.de\/bhagavad-gita\/?p=14567"},"modified":"2020-08-10T12:57:59","modified_gmt":"2020-08-10T10:57:59","slug":"03-07-kommentar-swami-sivananda","status":"publish","type":"post","link":"https:\/\/schriften.yoga-vidya.de\/bhagavad-gita\/03-07-kommentar-swami-sivananda\/","title":{"rendered":"03-07 Kommentar Swami Sivananda"},"content":{"rendered":"<div class=\"powerpress_player\" id=\"powerpress_player_3311\"><a href=\"https:\/\/jkv3wg.podcaster.de\/download\/Bhagavad_Gita_III_7.mp3\" title=\"Play\" onclick=\"return powerpress_embed_html5a('3311','https:\/\/jkv3wg.podcaster.de\/download\/Bhagavad_Gita_III_7.mp3');\" target=\"_blank\"><img decoding=\"async\" src=\"https:\/\/schriften.yoga-vidya.de\/bhagavad-gita\/wp-content\/plugins\/powerpress\/play_audio.png\" title=\"Play\" alt=\"Play\" style=\"border:0;\" width=\"23px\" height=\"24px\" \/><\/a><\/div>\n<p class=\"powerpress_links powerpress_links_mp3\" style=\"margin-bottom: 1px !important;\">Podcast: <a href=\"https:\/\/jkv3wg.podcaster.de\/download\/Bhagavad_Gita_III_7.mp3\" class=\"powerpress_link_pinw\" target=\"_blank\" title=\"Play in new window\" onclick=\"return powerpress_pinw('https:\/\/schriften.yoga-vidya.de\/bhagavad-gita\/?powerpress_pinw=14567-podcast');\" rel=\"nofollow\">Play in new window<\/a> | <a href=\"https:\/\/jkv3wg.podcaster.de\/download\/Bhagavad_Gita_III_7.mp3\" class=\"powerpress_link_d\" title=\"Download\" rel=\"nofollow\" download=\"Bhagavad_Gita_III_7.mp3\">Download<\/a><\/p>\n<p>Wer mit den Handlungsorganen t\u00e4tig ist (d.h. mit H\u00e4nden, F\u00fc\u00dfen, Sprechorgan, usw.), die Wahrnehmungsorgane durch den <a href=\"https:\/\/wiki.yoga-vidya.de\/Geist\" target=\"_blank\" rel=\"noopener noreferrer\">Geist<\/a> beherrscht, und wer f\u00fcr sein Tun keine Fr\u00fcchte erwartet und ohne Ichgedanken ist, ist sicherlich w\u00fcrdiger als der Heuchler, der sich falsch verh\u00e4lt. (Vgl. IV.21, II.64,68)<\/p>\n<p>Die f\u00fcnf Wahrnehmungsorgane sind <a href=\"https:\/\/www.yoga-vidya.de\/yogatherapie\/frage-antwort\/augen.html\" target=\"_blank\" rel=\"noopener noreferrer\">Augen<\/a>, <a href=\"https:\/\/www.yoga-vidya.de\/yogatherapie\/frage-antwort\/ohren-und-gleichgewicht.html\" target=\"_blank\" rel=\"noopener noreferrer\">Ohren<\/a>, <a href=\"https:\/\/www.yoga-vidya.de\/yogatherapie\/frage-antwort\/nase.html\" target=\"_blank\" rel=\"noopener noreferrer\">Nase<\/a>, <a href=\"https:\/\/www.yoga-vidya.de\/yogatherapie\/frage-antwort\/haut-haar.html\" target=\"_blank\" rel=\"noopener noreferrer\">Haut<\/a> und Geschmacksinn (Zunge).<\/p>\n","protected":false},"excerpt":{"rendered":"<p>Wer mit den Handlungsorganen t\u00e4tig ist (d.h. mit H\u00e4nden, F\u00fc\u00dfen, Sprechorgan, usw.), die Wahrnehmungsorgane durch den Geist beherrscht, und wer f\u00fcr sein Tun keine Fr\u00fcchte erwartet und ohne Ichgedanken ist, ist sicherlich w\u00fcrdiger als der Heuchler, der sich falsch verh\u00e4lt. (Vgl. IV.21, II.64,68) Die f\u00fcnf Wahrnehmungsorgane &hellip; <\/p>\n<p><a href=\"https:\/\/schriften.yoga-vidya.de\/bhagavad-gita\/03-07-kommentar-swami-sivananda\/\" class=\"more-link\"><span class=\"morelink-icon\">Weiterlesen<\/span><\/a><\/p>\n","protected":false},"author":22,"featured_media":0,"comment_status":"open","ping_status":"open","sticky":false,"template":"","format":"standard","meta":{"footnotes":""},"categories":[5],"tags":[192,824],"class_list":["post-14567","post","type-post","status-publish","format-standard","hentry","category-03-kapitel","tag-3-kapitel-7-vers","tag-kommentar-swami-sivananda"],"_links":{"self":[{"href":"https:\/\/schriften.yoga-vidya.de\/bhagavad-gita\/wp-json\/wp\/v2\/posts\/14567","targetHints":{"allow":["GET"]}}],"collection":[{"href":"https:\/\/schriften.yoga-vidya.de\/bhagavad-gita\/wp-json\/wp\/v2\/posts"}],"about":[{"href":"https:\/\/schriften.yoga-vidya.de\/bhagavad-gita\/wp-json\/wp\/v2\/types\/post"}],"author":[{"embeddable":true,"href":"https:\/\/schriften.yoga-vidya.de\/bhagavad-gita\/wp-json\/wp\/v2\/users\/22"}],"replies":[{"embeddable":true,"href":"https:\/\/schriften.yoga-vidya.de\/bhagavad-gita\/wp-json\/wp\/v2\/comments?post=14567"}],"version-history":[{"count":1,"href":"https:\/\/schriften.yoga-vidya.de\/bhagavad-gita\/wp-json\/wp\/v2\/posts\/14567\/revisions"}],"predecessor-version":[{"id":22484,"href":"https:\/\/schriften.yoga-vidya.de\/bhagavad-gita\/wp-json\/wp\/v2\/posts\/14567\/revisions\/22484"}],"wp:attachment":[{"href":"https:\/\/schriften.yoga-vidya.de\/bhagavad-gita\/wp-json\/wp\/v2\/media?parent=14567"}],"wp:term":[{"taxonomy":"category","embeddable":true,"href":"https:\/\/schriften.yoga-vidya.de\/bhagavad-gita\/wp-json\/wp\/v2\/categories?post=14567"},{"taxonomy":"post_tag","embeddable":true,"href":"https:\/\/schriften.yoga-vidya.de\/bhagavad-gita\/wp-json\/wp\/v2\/tags?post=14567"}],"curies":[{"name":"wp","href":"https:\/\/api.w.org\/{rel}","templated":true}]}}