{"id":12353,"date":"2011-01-30T17:00:14","date_gmt":"2011-01-30T16:00:14","guid":{"rendered":"http:\/\/schriften.yoga-vidya.de\/bhagavad-gita\/?p=12353"},"modified":"2019-09-23T12:23:58","modified_gmt":"2019-09-23T10:23:58","slug":"04-29-kommentar-2-von-sukadev","status":"publish","type":"post","link":"https:\/\/schriften.yoga-vidya.de\/bhagavad-gita\/04-29-kommentar-2-von-sukadev\/","title":{"rendered":"04-29 Kommentar 2 von Sukadev"},"content":{"rendered":"<p><strong><em><a href=\"..\/\">Bhagavad Gita<\/a>, 4. Kapitel, 29. Vers: Den <a href=\"https:\/\/www.yoga-vidya.de\/Yoga--Artikel\/Art-Artikel\/art_geist.html\">Geist<\/a> unter Kontrolle bringen<\/em><\/strong><\/p>\n<div class=\"powerpress_player\" id=\"powerpress_player_4507\"><a href=\"https:\/\/jkv3wg.podcaster.de\/download\/1003_Bhagavad_Gita_IV_29.mp3\" title=\"Play\" onclick=\"return powerpress_embed_html5a('4507','https:\/\/jkv3wg.podcaster.de\/download\/1003_Bhagavad_Gita_IV_29.mp3');\" target=\"_blank\"><img decoding=\"async\" src=\"https:\/\/schriften.yoga-vidya.de\/bhagavad-gita\/wp-content\/plugins\/powerpress\/play_audio.png\" title=\"Play\" alt=\"Play\" style=\"border:0;\" width=\"23px\" height=\"24px\" \/><\/a><\/div>\n<p class=\"powerpress_links powerpress_links_mp3\" style=\"margin-bottom: 1px !important;\">Podcast: <a href=\"https:\/\/jkv3wg.podcaster.de\/download\/1003_Bhagavad_Gita_IV_29.mp3\" class=\"powerpress_link_pinw\" target=\"_blank\" title=\"Play in new window\" onclick=\"return powerpress_pinw('https:\/\/schriften.yoga-vidya.de\/bhagavad-gita\/?powerpress_pinw=12353-podcast');\" rel=\"nofollow\">Play in new window<\/a> | <a href=\"https:\/\/jkv3wg.podcaster.de\/download\/1003_Bhagavad_Gita_IV_29.mp3\" class=\"powerpress_link_d\" title=\"Download\" rel=\"nofollow\" download=\"1003_Bhagavad_Gita_IV_29.mp3\">Download<\/a><\/p>\n<p>\u201eManche opfern den ausstr\u00f6menden <a href=\"https:\/\/wiki.yoga-vidya.de\/Atem\" target=\"_blank\" rel=\"noopener noreferrer\">Atem<\/a> im einstr\u00f6menden und den einstr\u00f6menden im ausstr\u00f6menden, durch Beherrschung des aus- und einstr\u00f6menden Atems, und gehen einzig allein in der Beherrschung des Atems auf.\u201c<\/p>\n<p>Hier nochmals ein Vers zu <a href=\"https:\/\/www.yoga-vidya.de\/Yoga--Artikel\/Art-Artikel\/Art_Pranayama.html\">Pranayama<\/a>. Pranayama ist ein einfacher <a href=\"https:\/\/www.yoga-vidya.de\/yoga-anfaenger\/yoga-wissen\/yoga-wege.html\">Weg<\/a>, den Geist unter Kontrolle zu bringen, zur Konzentration zu f\u00fchren, um <a href=\"https:\/\/wiki.yoga-vidya.de\/Verhaftung\" target=\"_blank\" rel=\"noopener noreferrer\">Verhaftungen<\/a> zu l\u00f6sen, um h\u00f6here Bewusstseinsebenen zu erfahren. Du kannst dir \u00fcberlegen: \u201eWelche Bezug habe ich zum Pranayama? K\u00f6nnte ich vielleicht meine Pranayama-Praxis etwas steigern? K\u00f6nnte ich vielleicht ein paar Runden mehr <a href=\"https:\/\/wiki.yoga-vidya.de\/Wechselatmung\" target=\"_blank\" rel=\"noopener noreferrer\">Wechselatmung<\/a> \u00fcben oder \u00fcberhaupt wieder mit der Wechselatmung beginnen?\u201c Oder, falls du schon sehr regelm\u00e4\u00dfig praktizierst, \u00fcberlege: \u201eBin ich noch konzentriert dabei? Bin ich wirklich sehr bewusst dabei? Wenn ich Pranayama \u00fcbe, bin ich mir wirklich Gottes bewusst? Oder konzentriere ich mich auf die <a href=\"https:\/\/www.yoga-vidya.de\/chakra.html\">Chakras<\/a>? Bin ich mir bewusst, dass Pranayama eine spirituelle Praxis ist, zur <a href=\"https:\/\/www.yoga-vidya.de\/yoga-anfaenger\/erfahrungen.html\">Erfahrung<\/a> Gottes?\u201c Oder auch am Tag, \u00fcberlege dir: \u201eK\u00f6nnte ich zwischendurch ein paar kleine Pranayama-\u00dcbungen \u00fcben, mindestens zwischendurch ein paar bewusste Atemz\u00fcge nehmen?\u201c Thema des Tages, heute oder morgen, Pranayama, Praxis der Beherrschung des Pranas \u00fcber Atemtechniken.<\/p>\n","protected":false},"excerpt":{"rendered":"<p>Bhagavad Gita, 4. Kapitel, 29. Vers: Den Geist unter Kontrolle bringen \u201eManche opfern den ausstr\u00f6menden Atem im einstr\u00f6menden und den einstr\u00f6menden im ausstr\u00f6menden, durch Beherrschung des aus- und einstr\u00f6menden Atems, und gehen einzig allein in der Beherrschung des Atems auf.\u201c Hier nochmals ein Vers zu Pranayama. &hellip; <\/p>\n<p><a href=\"https:\/\/schriften.yoga-vidya.de\/bhagavad-gita\/04-29-kommentar-2-von-sukadev\/\" class=\"more-link\"><span class=\"morelink-icon\">Weiterlesen<\/span><\/a><\/p>\n","protected":false},"author":5,"featured_media":0,"comment_status":"open","ping_status":"open","sticky":false,"template":"","format":"standard","meta":{"footnotes":""},"categories":[6],"tags":[262,820],"class_list":["post-12353","post","type-post","status-publish","format-standard","hentry","category-04-kapitel","tag-4-kapitel-29-vers","tag-zweitkommentar-sukadev"],"_links":{"self":[{"href":"https:\/\/schriften.yoga-vidya.de\/bhagavad-gita\/wp-json\/wp\/v2\/posts\/12353","targetHints":{"allow":["GET"]}}],"collection":[{"href":"https:\/\/schriften.yoga-vidya.de\/bhagavad-gita\/wp-json\/wp\/v2\/posts"}],"about":[{"href":"https:\/\/schriften.yoga-vidya.de\/bhagavad-gita\/wp-json\/wp\/v2\/types\/post"}],"author":[{"embeddable":true,"href":"https:\/\/schriften.yoga-vidya.de\/bhagavad-gita\/wp-json\/wp\/v2\/users\/5"}],"replies":[{"embeddable":true,"href":"https:\/\/schriften.yoga-vidya.de\/bhagavad-gita\/wp-json\/wp\/v2\/comments?post=12353"}],"version-history":[{"count":1,"href":"https:\/\/schriften.yoga-vidya.de\/bhagavad-gita\/wp-json\/wp\/v2\/posts\/12353\/revisions"}],"predecessor-version":[{"id":21748,"href":"https:\/\/schriften.yoga-vidya.de\/bhagavad-gita\/wp-json\/wp\/v2\/posts\/12353\/revisions\/21748"}],"wp:attachment":[{"href":"https:\/\/schriften.yoga-vidya.de\/bhagavad-gita\/wp-json\/wp\/v2\/media?parent=12353"}],"wp:term":[{"taxonomy":"category","embeddable":true,"href":"https:\/\/schriften.yoga-vidya.de\/bhagavad-gita\/wp-json\/wp\/v2\/categories?post=12353"},{"taxonomy":"post_tag","embeddable":true,"href":"https:\/\/schriften.yoga-vidya.de\/bhagavad-gita\/wp-json\/wp\/v2\/tags?post=12353"}],"curies":[{"name":"wp","href":"https:\/\/api.w.org\/{rel}","templated":true}]}}