{"id":12272,"date":"2011-03-18T17:00:56","date_gmt":"2011-03-18T16:00:56","guid":{"rendered":"http:\/\/schriften.yoga-vidya.de\/bhagavad-gita\/?p=12272"},"modified":"2019-09-23T11:25:43","modified_gmt":"2019-09-23T09:25:43","slug":"03-43-kommentar-2-von-sukadev","status":"publish","type":"post","link":"https:\/\/schriften.yoga-vidya.de\/bhagavad-gita\/03-43-kommentar-2-von-sukadev\/","title":{"rendered":"03-43 Kommentar 2 von Sukadev"},"content":{"rendered":"<p><strong><em><a href=\"https:\/\/schriften.yoga-vidya.de\/bhagavad-gita\/\" target=\"_blank\" rel=\"noopener noreferrer\">Bhagavad Gita<\/a>, 3. Kapitel, 43. Vers: Erkenne das<\/em><\/strong><\/p>\n<div class=\"powerpress_player\" id=\"powerpress_player_8365\"><a href=\"https:\/\/jkv3wg.podcaster.de\/download\/977_Bhagavad_Gita_III_43.mp3\" title=\"Play\" onclick=\"return powerpress_embed_html5a('8365','https:\/\/jkv3wg.podcaster.de\/download\/977_Bhagavad_Gita_III_43.mp3');\" target=\"_blank\"><img decoding=\"async\" src=\"https:\/\/schriften.yoga-vidya.de\/bhagavad-gita\/wp-content\/plugins\/powerpress\/play_audio.png\" title=\"Play\" alt=\"Play\" style=\"border:0;\" width=\"23px\" height=\"24px\" \/><\/a><\/div>\n<p class=\"powerpress_links powerpress_links_mp3\" style=\"margin-bottom: 1px !important;\">Podcast: <a href=\"https:\/\/jkv3wg.podcaster.de\/download\/977_Bhagavad_Gita_III_43.mp3\" class=\"powerpress_link_pinw\" target=\"_blank\" title=\"Play in new window\" onclick=\"return powerpress_pinw('https:\/\/schriften.yoga-vidya.de\/bhagavad-gita\/?powerpress_pinw=12272-podcast');\" rel=\"nofollow\">Play in new window<\/a> | <a href=\"https:\/\/jkv3wg.podcaster.de\/download\/977_Bhagavad_Gita_III_43.mp3\" class=\"powerpress_link_d\" title=\"Download\" rel=\"nofollow\" download=\"977_Bhagavad_Gita_III_43.mp3\">Download<\/a><\/p>\n<p>\u201eEvam buddheh param buddhva samstabhyatmanam atmana jahi satrum maha-baho kama-rupam durasadam.\u201c<\/p>\n<p><a href=\"https:\/\/www.yoga-vidya.de\/Bilder\/Galerien\/Krishnatext.html\">Krishna<\/a> spricht:<\/p>\n<p>\u201eErkenne Das, was der <a href=\"https:\/\/wiki.yoga-vidya.de\/Buddhi\" target=\"_blank\" rel=\"noopener noreferrer\">Buddhi<\/a>, dem <a href=\"https:\/\/wiki.yoga-vidya.de\/Verstand\" target=\"_blank\" rel=\"noopener noreferrer\">Verstand<\/a> \u00fcberlegen ist. Sei durch das <a href=\"https:\/\/wiki.yoga-vidya.de\/Selbst\" target=\"_blank\" rel=\"noopener noreferrer\">Selbst<\/a> beherrscht und \u00fcberwinde so, Oh <a href=\"https:\/\/schriften.yoga-vidya.de\/bhagavad-gita\/arjuna\/\">Arjuna<\/a>, den schwer zu \u00fcberwindenden Gegner in Gestalt des Wunsches.\u201c<\/p>\n<p>Sei also <a href=\"https:\/\/wiki.yoga-vidya.de\/Freiheit\" target=\"_blank\" rel=\"noopener noreferrer\">frei<\/a> von den W\u00fcnschen! Manchmal sagt man, \u201eja, wenn ich jetzt meine W\u00fcnsche nicht erf\u00fclle, dann werde ich frustriert sein und aus der Frustration kommt dann innere Unruhe und dann wird es schwieriger\u201c. Die westliche <a href=\"https:\/\/www.yoga-vidya.de\/yoga-psychologie\/\">Psychologie<\/a> sagt ja oft: \u201eErkenne deine Bed\u00fcrfnisse! Erkenne deine tiefen W\u00fcnsche! Wenn du deine tiefen W\u00fcnsche erf\u00fcllst, dann wirst du gl\u00fccklich sein.\u201c Wer diesen <a href=\"https:\/\/www.yoga-vidya.de\/yoga-anfaenger\/was-ist-yoga\/\">Weg<\/a> eine Weile gegangen ist, erkennt, so wird man eben nicht gl\u00fccklich sein. Das Erf\u00fcllen \u00e4u\u00dferer W\u00fcnsche macht einen gerade nicht gl\u00fccklich. Auch das Erkennen von Bed\u00fcrfnissen macht einen nicht gl\u00fccklich. Etwas gl\u00fccklicher macht es einen vielleicht schon, wenn man einen h\u00f6heren Sinn sieht. Wenn man \u00fcberlegt, \u201eder Sinn meines <a href=\"https:\/\/www.yoga-vidya.de\/Yoga--Artikel\/Art-Artikel\/art_leben.html\" target=\"_blank\" rel=\"noopener noreferrer\">Lebens<\/a> ist, das und das zu tun\u201c. Gl\u00fccklicher wird man auch, wenn man etwas f\u00fcr andere tut. Gl\u00fccklicher wird man vielleicht auch, wenn man etwas kreativer ist. Am gl\u00fccklichsten ist man, wenn man erkennt: \u201eHinter allem steckt das G\u00f6ttliche. Meine wahre <a href=\"https:\/\/wiki.yoga-vidya.de\/Natur\" target=\"_blank\" rel=\"noopener noreferrer\">Natur<\/a> ist Sein, <a href=\"https:\/\/wiki.yoga-vidya.de\/Wissen\" target=\"_blank\" rel=\"noopener noreferrer\">Wissen<\/a> und <a href=\"https:\/\/wiki.yoga-vidya.de\/Gl\u00fcckseligkeit\" target=\"_blank\" rel=\"noopener noreferrer\">Gl\u00fcckseligkeit<\/a>. Aus dieser Natur heraus tue ich das, was n\u00f6tig ist. Ich glaube nicht, dass ich gl\u00fccklich werde, indem ich meinen Sinnen folge. Ich glaube nicht, dass ich gl\u00fccklich werde, indem ich das tue, was meine Emotionen mir eingeben. W\u00fcnsche, Emotionen, <a href=\"https:\/\/wiki.yoga-vidya.de\/Gef\u00fchl\" target=\"_blank\" rel=\"noopener noreferrer\">Gef\u00fchle<\/a> m\u00f6gen alle ihre Funktion haben, nur gl\u00fccklich machen sie mich nicht dauerhaft. <a href=\"https:\/\/wiki.yoga-vidya.de\/Gl%C3%BCck\">Gl\u00fcck<\/a> erkenne ich im Selbst. Gl\u00fcck erkenne ich in <a href=\"https:\/\/wiki.yoga-vidya.de\/Gott\">Gott<\/a>. Gl\u00fcck erfahre ich, wenn ich mich zum Instrument mache. Gl\u00fccklich handeln kann ich, wenn ich ohne <a href=\"https:\/\/wiki.yoga-vidya.de\/Verhaftung\" target=\"_blank\" rel=\"noopener noreferrer\">Verhaftung<\/a> das tue, was zu tun ist, und alles Gott darbringe.\u201c<\/p>\n","protected":false},"excerpt":{"rendered":"<p>Bhagavad Gita, 3. Kapitel, 43. Vers: Erkenne das \u201eEvam buddheh param buddhva samstabhyatmanam atmana jahi satrum maha-baho kama-rupam durasadam.\u201c Krishna spricht: \u201eErkenne Das, was der Buddhi, dem Verstand \u00fcberlegen ist. Sei durch das Selbst beherrscht und \u00fcberwinde so, Oh Arjuna, den schwer zu \u00fcberwindenden Gegner in &hellip; <\/p>\n<p><a href=\"https:\/\/schriften.yoga-vidya.de\/bhagavad-gita\/03-43-kommentar-2-von-sukadev\/\" class=\"more-link\"><span class=\"morelink-icon\">Weiterlesen<\/span><\/a><\/p>\n","protected":false},"author":5,"featured_media":0,"comment_status":"open","ping_status":"open","sticky":false,"template":"","format":"standard","meta":{"footnotes":""},"categories":[5],"tags":[228,820],"class_list":["post-12272","post","type-post","status-publish","format-standard","hentry","category-03-kapitel","tag-3-kapitel-43-vers","tag-zweitkommentar-sukadev"],"_links":{"self":[{"href":"https:\/\/schriften.yoga-vidya.de\/bhagavad-gita\/wp-json\/wp\/v2\/posts\/12272","targetHints":{"allow":["GET"]}}],"collection":[{"href":"https:\/\/schriften.yoga-vidya.de\/bhagavad-gita\/wp-json\/wp\/v2\/posts"}],"about":[{"href":"https:\/\/schriften.yoga-vidya.de\/bhagavad-gita\/wp-json\/wp\/v2\/types\/post"}],"author":[{"embeddable":true,"href":"https:\/\/schriften.yoga-vidya.de\/bhagavad-gita\/wp-json\/wp\/v2\/users\/5"}],"replies":[{"embeddable":true,"href":"https:\/\/schriften.yoga-vidya.de\/bhagavad-gita\/wp-json\/wp\/v2\/comments?post=12272"}],"version-history":[{"count":5,"href":"https:\/\/schriften.yoga-vidya.de\/bhagavad-gita\/wp-json\/wp\/v2\/posts\/12272\/revisions"}],"predecessor-version":[{"id":21721,"href":"https:\/\/schriften.yoga-vidya.de\/bhagavad-gita\/wp-json\/wp\/v2\/posts\/12272\/revisions\/21721"}],"wp:attachment":[{"href":"https:\/\/schriften.yoga-vidya.de\/bhagavad-gita\/wp-json\/wp\/v2\/media?parent=12272"}],"wp:term":[{"taxonomy":"category","embeddable":true,"href":"https:\/\/schriften.yoga-vidya.de\/bhagavad-gita\/wp-json\/wp\/v2\/categories?post=12272"},{"taxonomy":"post_tag","embeddable":true,"href":"https:\/\/schriften.yoga-vidya.de\/bhagavad-gita\/wp-json\/wp\/v2\/tags?post=12272"}],"curies":[{"name":"wp","href":"https:\/\/api.w.org\/{rel}","templated":true}]}}