{"id":12139,"date":"2011-05-29T17:00:56","date_gmt":"2011-05-29T15:00:56","guid":{"rendered":"http:\/\/schriften.yoga-vidya.de\/bhagavad-gita\/?p=12139"},"modified":"2019-09-21T16:56:53","modified_gmt":"2019-09-21T14:56:53","slug":"02-63-kommentar-2-von-sukadev","status":"publish","type":"post","link":"https:\/\/schriften.yoga-vidya.de\/bhagavad-gita\/02-63-kommentar-2-von-sukadev\/","title":{"rendered":"02-63 Kommentar 2 von Sukadev"},"content":{"rendered":"<p><strong><em><a href=\"https:\/\/www.yoga-vidya.de\/Yoga--Buch\/bhagavad-gita\/\" target=\"_blank\" rel=\"noopener noreferrer\">Bhagavad Gita<\/a>, 2. Kapitel, 63. Vers: \u00c4rger und seine Folgen<\/em><\/strong><\/p>\n<div class=\"powerpress_player\" id=\"powerpress_player_7326\"><a href=\"https:\/\/jkv3wg.podcaster.de\/download\/937_Bhagavad_Gita_II_63.mp3\" title=\"Play\" onclick=\"return powerpress_embed_html5a('7326','https:\/\/jkv3wg.podcaster.de\/download\/937_Bhagavad_Gita_II_63.mp3');\" target=\"_blank\"><img decoding=\"async\" src=\"https:\/\/schriften.yoga-vidya.de\/bhagavad-gita\/wp-content\/plugins\/powerpress\/play_audio.png\" title=\"Play\" alt=\"Play\" style=\"border:0;\" width=\"23px\" height=\"24px\" \/><\/a><\/div>\n<p class=\"powerpress_links powerpress_links_mp3\" style=\"margin-bottom: 1px !important;\">Podcast: <a href=\"https:\/\/jkv3wg.podcaster.de\/download\/937_Bhagavad_Gita_II_63.mp3\" class=\"powerpress_link_pinw\" target=\"_blank\" title=\"Play in new window\" onclick=\"return powerpress_pinw('https:\/\/schriften.yoga-vidya.de\/bhagavad-gita\/?powerpress_pinw=12139-podcast');\" rel=\"nofollow\">Play in new window<\/a> | <a href=\"https:\/\/jkv3wg.podcaster.de\/download\/937_Bhagavad_Gita_II_63.mp3\" class=\"powerpress_link_d\" title=\"Download\" rel=\"nofollow\" download=\"937_Bhagavad_Gita_II_63.mp3\">Download<\/a><\/p>\n<p><a href=\"https:\/\/www.yoga-vidya.de\/Bilder\/Galerien\/Krishnatext.html\">Krishna<\/a> spricht:<\/p>\n<p>\u201eAus <a href=\"https:\/\/wiki.yoga-vidya.de\/\u00c4rger\" target=\"_blank\" rel=\"noopener noreferrer\">\u00c4rger<\/a> entsteht T\u00e4uschung. Aus <a href=\"https:\/\/wiki.yoga-vidya.de\/T\u00e4uschung\" target=\"_blank\" rel=\"noopener noreferrer\">T\u00e4uschung<\/a> der Verlust der Erinnerung. Aus dem Verlust der Erinnerung die Zerst\u00f6rung der Unterscheidung. Durch die Zerst\u00f6rung der Unterscheidung geht er zugrunde.\u201c<\/p>\n<p>Wenn du \u00e4rgerlich bist, triff keine wichtige <a href=\"https:\/\/wiki.yoga-vidya.de\/Entscheidung\" target=\"_blank\" rel=\"noopener noreferrer\">Entscheidung<\/a>! Wenn du \u00e4rgerlich bist, ist es nicht gut, mit anderen zu sehr zu sprechen. Und egal, was du sagen wirst im \u00c4rger, es k\u00f6nnte sein, dass du es am n\u00e4chsten Tag bereust. Im \u00c4rger siehst du die Dinge nicht mehr so, wie sie sind, du bist get\u00e4uscht. Du vergisst das, was du dir vorgenommen hast. Du verlierst die <a href=\"https:\/\/wiki.yoga-vidya.de\/Unterscheidungskraft\" target=\"_blank\" rel=\"noopener noreferrer\">Unterscheidungskraft<\/a>. Und dann tust du Dinge, die du nachher bereust. Manchmal kann der beste Rat sein, wenn du dich \u00fcber etwas \u00e4rgerst, einfach eine Nacht dar\u00fcber zu schlafen. Angenommen z.B., du bekommst eine Email, \u00fcber die du dich \u00e4rgerst, der wichtigste Ratschlag w\u00e4re, einen Tag lang nicht darauf zu reagieren, mindestens die Nacht dar\u00fcber zu schlafen. Angenommen, du \u00e4rgerst dich \u00fcber einen <a href=\"https:\/\/www.yoga-vidya.de\/Yoga--Artikel\/Art-Artikel\/art_mensch.html\" target=\"_blank\" rel=\"noopener noreferrer\">Menschen<\/a>. Auch dort, bevor du irgendwie st\u00e4rker reagierst, nimm dir einen Tag, nimm dir eine Nacht. Aus dem \u00c4rger heraus erw\u00e4chst selten etwas <a href=\"https:\/\/wiki.yoga-vidya.de\/Gutes\" target=\"_blank\" rel=\"noopener noreferrer\">Gutes<\/a>.<\/p>\n","protected":false},"excerpt":{"rendered":"<p>Bhagavad Gita, 2. Kapitel, 63. Vers: \u00c4rger und seine Folgen Krishna spricht: \u201eAus \u00c4rger entsteht T\u00e4uschung. Aus T\u00e4uschung der Verlust der Erinnerung. Aus dem Verlust der Erinnerung die Zerst\u00f6rung der Unterscheidung. Durch die Zerst\u00f6rung der Unterscheidung geht er zugrunde.\u201c Wenn du \u00e4rgerlich bist, triff keine wichtige &hellip; <\/p>\n<p><a href=\"https:\/\/schriften.yoga-vidya.de\/bhagavad-gita\/02-63-kommentar-2-von-sukadev\/\" class=\"more-link\"><span class=\"morelink-icon\">Weiterlesen<\/span><\/a><\/p>\n","protected":false},"author":5,"featured_media":0,"comment_status":"open","ping_status":"open","sticky":false,"template":"","format":"standard","meta":{"footnotes":""},"categories":[4],"tags":[176,820],"class_list":["post-12139","post","type-post","status-publish","format-standard","hentry","category-02-kapitel","tag-2-kapitel-63-vers","tag-zweitkommentar-sukadev"],"_links":{"self":[{"href":"https:\/\/schriften.yoga-vidya.de\/bhagavad-gita\/wp-json\/wp\/v2\/posts\/12139","targetHints":{"allow":["GET"]}}],"collection":[{"href":"https:\/\/schriften.yoga-vidya.de\/bhagavad-gita\/wp-json\/wp\/v2\/posts"}],"about":[{"href":"https:\/\/schriften.yoga-vidya.de\/bhagavad-gita\/wp-json\/wp\/v2\/types\/post"}],"author":[{"embeddable":true,"href":"https:\/\/schriften.yoga-vidya.de\/bhagavad-gita\/wp-json\/wp\/v2\/users\/5"}],"replies":[{"embeddable":true,"href":"https:\/\/schriften.yoga-vidya.de\/bhagavad-gita\/wp-json\/wp\/v2\/comments?post=12139"}],"version-history":[{"count":1,"href":"https:\/\/schriften.yoga-vidya.de\/bhagavad-gita\/wp-json\/wp\/v2\/posts\/12139\/revisions"}],"predecessor-version":[{"id":21687,"href":"https:\/\/schriften.yoga-vidya.de\/bhagavad-gita\/wp-json\/wp\/v2\/posts\/12139\/revisions\/21687"}],"wp:attachment":[{"href":"https:\/\/schriften.yoga-vidya.de\/bhagavad-gita\/wp-json\/wp\/v2\/media?parent=12139"}],"wp:term":[{"taxonomy":"category","embeddable":true,"href":"https:\/\/schriften.yoga-vidya.de\/bhagavad-gita\/wp-json\/wp\/v2\/categories?post=12139"},{"taxonomy":"post_tag","embeddable":true,"href":"https:\/\/schriften.yoga-vidya.de\/bhagavad-gita\/wp-json\/wp\/v2\/tags?post=12139"}],"curies":[{"name":"wp","href":"https:\/\/api.w.org\/{rel}","templated":true}]}}