{"id":12048,"date":"2011-07-03T17:00:50","date_gmt":"2011-07-03T15:00:50","guid":{"rendered":"http:\/\/schriften.yoga-vidya.de\/bhagavad-gita\/?p=12048"},"modified":"2019-09-21T16:33:34","modified_gmt":"2019-09-21T14:33:34","slug":"02-28-kommentar-2-von-sukadev","status":"publish","type":"post","link":"https:\/\/schriften.yoga-vidya.de\/bhagavad-gita\/02-28-kommentar-2-von-sukadev\/","title":{"rendered":"02-28 Kommentar 2 von Sukadev"},"content":{"rendered":"<p><strong><em><a href=\"https:\/\/www.yoga-vidya.de\/Yoga--Buch\/bhagavad-gita\/\" target=\"_blank\" rel=\"noopener noreferrer\">Bhagavad Gita<\/a>, 2. Kapitel, 28. Vers: Zu Beginn sind die Wesen unsichtbar\u00a0<\/em><\/strong><\/p>\n<div class=\"powerpress_player\" id=\"powerpress_player_1199\"><a href=\"https:\/\/jkv3wg.podcaster.de\/download\/908_Bhagavad_Gita_II_28.mp3\" title=\"Play\" onclick=\"return powerpress_embed_html5a('1199','https:\/\/jkv3wg.podcaster.de\/download\/908_Bhagavad_Gita_II_28.mp3');\" target=\"_blank\"><img decoding=\"async\" src=\"https:\/\/schriften.yoga-vidya.de\/bhagavad-gita\/wp-content\/plugins\/powerpress\/play_audio.png\" title=\"Play\" alt=\"Play\" style=\"border:0;\" width=\"23px\" height=\"24px\" \/><\/a><\/div>\n<p class=\"powerpress_links powerpress_links_mp3\" style=\"margin-bottom: 1px !important;\">Podcast: <a href=\"https:\/\/jkv3wg.podcaster.de\/download\/908_Bhagavad_Gita_II_28.mp3\" class=\"powerpress_link_pinw\" target=\"_blank\" title=\"Play in new window\" onclick=\"return powerpress_pinw('https:\/\/schriften.yoga-vidya.de\/bhagavad-gita\/?powerpress_pinw=12048-podcast');\" rel=\"nofollow\">Play in new window<\/a> | <a href=\"https:\/\/jkv3wg.podcaster.de\/download\/908_Bhagavad_Gita_II_28.mp3\" class=\"powerpress_link_d\" title=\"Download\" rel=\"nofollow\" download=\"908_Bhagavad_Gita_II_28.mp3\">Download<\/a><\/p>\n<p>\u201eZu Beginn sind <a href=\"https:\/\/wiki.yoga-vidya.de\/Wesen\" target=\"_blank\" rel=\"noopener noreferrer\">Wesen<\/a> unsichtbar, in ihrer Mitte sichtbar und am Ende sind sie wieder unsichtbar. Warum sollte man sich also sorgen?\u201c<\/p>\n<p>Zu Beginn sind die Wesen unsichtbar. Vor der <a href=\"https:\/\/wiki.yoga-vidya.de\/Geburt\" target=\"_blank\" rel=\"noopener noreferrer\">Geburt<\/a> wissen wir nicht, wer ist die <a href=\"https:\/\/wiki.yoga-vidya.de\/Seele\" target=\"_blank\" rel=\"noopener noreferrer\">Seele<\/a>. Gut, wir wissen heute, neun Monate im physischen <a href=\"https:\/\/wiki.yoga-vidya.de\/K\u00f6rper\" target=\"_blank\" rel=\"noopener noreferrer\">K\u00f6rper<\/a>. Vor der Empf\u00e4ngnis, wo ist der <a href=\"https:\/\/www.yoga-vidya.de\/Yoga--Artikel\/Art-Artikel\/art_mensch.html\" target=\"_blank\" rel=\"noopener noreferrer\">Mensch<\/a>? Der Mensch ist unsichtbar. <a href=\"https:\/\/www.yoga-vidya.de\/Bilder\/Galerien\/Krishnatext.html\" target=\"_blank\" rel=\"noopener noreferrer\">Krishna<\/a> geht nat\u00fcrlich von <a href=\"https:\/\/www.yoga-vidya.de\/reinkarnation-wiedergeburt.html\" target=\"_blank\" rel=\"noopener noreferrer\">Reinkarnation<\/a> aus. Die Seele gab es schon vor der Empf\u00e4ngnis und vor der Geburt. Die Seele wird auch da sein nach dem <a href=\"https:\/\/www.yoga-vidya.de\/reinkarnation-wiedergeburt\/tod.html\">Tod<\/a>. Sichtbar ist die Seele in ihren \u00c4u\u00dferungen im K\u00f6rper, \u00c4u\u00dferungen in ihren <a href=\"https:\/\/www.yoga-vidya.de\/Yoga--Buch\/Wonne\/Gedanke.html\" target=\"_blank\" rel=\"noopener noreferrer\">Gedanken<\/a>, in ihren <a href=\"https:\/\/wiki.yoga-vidya.de\/Emotion\" target=\"_blank\" rel=\"noopener noreferrer\">Emotionen<\/a>, den Ausdruck der Sprache, der <a href=\"https:\/\/wiki.yoga-vidya.de\/Handlung\" target=\"_blank\" rel=\"noopener noreferrer\">Handlungen<\/a> usw. In der Mitte ist die Seele sichtbar. Sie ist nat\u00fcrlich nicht wirklich sichtbar, ihre Wirkungen, ihre Handlungen sind sichtbar. Am Anfang ist sie unsichtbar, nachher ist sie unsichtbar, in der Mitte ist sie sichtbar. Daher braucht man sich nicht zu sorgen, wenn man konfrontiert wird mit <a href=\"https:\/\/wiki.yoga-vidya.de\/Krankheit\" target=\"_blank\" rel=\"noopener noreferrer\">Krankheit<\/a> und <a href=\"https:\/\/www.yoga-vidya.de\/reinkarnation-wiedergeburt\/tod.html\" target=\"_blank\" rel=\"noopener noreferrer\">Tod<\/a>.<\/p>\n","protected":false},"excerpt":{"rendered":"<p>Bhagavad Gita, 2. Kapitel, 28. Vers: Zu Beginn sind die Wesen unsichtbar\u00a0 \u201eZu Beginn sind Wesen unsichtbar, in ihrer Mitte sichtbar und am Ende sind sie wieder unsichtbar. Warum sollte man sich also sorgen?\u201c Zu Beginn sind die Wesen unsichtbar. Vor der Geburt wissen wir nicht, &hellip; <\/p>\n<p><a href=\"https:\/\/schriften.yoga-vidya.de\/bhagavad-gita\/02-28-kommentar-2-von-sukadev\/\" class=\"more-link\"><span class=\"morelink-icon\">Weiterlesen<\/span><\/a><\/p>\n","protected":false},"author":5,"featured_media":0,"comment_status":"open","ping_status":"open","sticky":false,"template":"","format":"standard","meta":{"footnotes":""},"categories":[4],"tags":[141,820],"class_list":["post-12048","post","type-post","status-publish","format-standard","hentry","category-02-kapitel","tag-2-kapitel-28-vers","tag-zweitkommentar-sukadev"],"_links":{"self":[{"href":"https:\/\/schriften.yoga-vidya.de\/bhagavad-gita\/wp-json\/wp\/v2\/posts\/12048","targetHints":{"allow":["GET"]}}],"collection":[{"href":"https:\/\/schriften.yoga-vidya.de\/bhagavad-gita\/wp-json\/wp\/v2\/posts"}],"about":[{"href":"https:\/\/schriften.yoga-vidya.de\/bhagavad-gita\/wp-json\/wp\/v2\/types\/post"}],"author":[{"embeddable":true,"href":"https:\/\/schriften.yoga-vidya.de\/bhagavad-gita\/wp-json\/wp\/v2\/users\/5"}],"replies":[{"embeddable":true,"href":"https:\/\/schriften.yoga-vidya.de\/bhagavad-gita\/wp-json\/wp\/v2\/comments?post=12048"}],"version-history":[{"count":1,"href":"https:\/\/schriften.yoga-vidya.de\/bhagavad-gita\/wp-json\/wp\/v2\/posts\/12048\/revisions"}],"predecessor-version":[{"id":21659,"href":"https:\/\/schriften.yoga-vidya.de\/bhagavad-gita\/wp-json\/wp\/v2\/posts\/12048\/revisions\/21659"}],"wp:attachment":[{"href":"https:\/\/schriften.yoga-vidya.de\/bhagavad-gita\/wp-json\/wp\/v2\/media?parent=12048"}],"wp:term":[{"taxonomy":"category","embeddable":true,"href":"https:\/\/schriften.yoga-vidya.de\/bhagavad-gita\/wp-json\/wp\/v2\/categories?post=12048"},{"taxonomy":"post_tag","embeddable":true,"href":"https:\/\/schriften.yoga-vidya.de\/bhagavad-gita\/wp-json\/wp\/v2\/tags?post=12048"}],"curies":[{"name":"wp","href":"https:\/\/api.w.org\/{rel}","templated":true}]}}