{"id":12038,"date":"2011-07-06T17:00:30","date_gmt":"2011-07-06T15:00:30","guid":{"rendered":"http:\/\/schriften.yoga-vidya.de\/bhagavad-gita\/?p=12038"},"modified":"2019-09-21T16:27:54","modified_gmt":"2019-09-21T14:27:54","slug":"02-25-kommentar-2-von-sukadev","status":"publish","type":"post","link":"https:\/\/schriften.yoga-vidya.de\/bhagavad-gita\/02-25-kommentar-2-von-sukadev\/","title":{"rendered":"02-25 Kommentar 2 von Sukadev"},"content":{"rendered":"<p><strong><em><a href=\"https:\/\/www.yoga-vidya.de\/Yoga--Buch\/bhagavad-gita\/\" target=\"_blank\" rel=\"noopener noreferrer\">Bhagavad Gita<\/a>, 2. Kapitel, 25. Vers:\u00a0<\/em><\/strong><\/p>\n<div class=\"powerpress_player\" id=\"powerpress_player_5088\"><a href=\"https:\/\/jkv3wg.podcaster.de\/download\/905_Bhagavad_Gita_II_25.mp3\" title=\"Play\" onclick=\"return powerpress_embed_html5a('5088','https:\/\/jkv3wg.podcaster.de\/download\/905_Bhagavad_Gita_II_25.mp3');\" target=\"_blank\"><img decoding=\"async\" src=\"https:\/\/schriften.yoga-vidya.de\/bhagavad-gita\/wp-content\/plugins\/powerpress\/play_audio.png\" title=\"Play\" alt=\"Play\" style=\"border:0;\" width=\"23px\" height=\"24px\" \/><\/a><\/div>\n<p class=\"powerpress_links powerpress_links_mp3\" style=\"margin-bottom: 1px !important;\">Podcast: <a href=\"https:\/\/jkv3wg.podcaster.de\/download\/905_Bhagavad_Gita_II_25.mp3\" class=\"powerpress_link_pinw\" target=\"_blank\" title=\"Play in new window\" onclick=\"return powerpress_pinw('https:\/\/schriften.yoga-vidya.de\/bhagavad-gita\/?powerpress_pinw=12038-podcast');\" rel=\"nofollow\">Play in new window<\/a> | <a href=\"https:\/\/jkv3wg.podcaster.de\/download\/905_Bhagavad_Gita_II_25.mp3\" class=\"powerpress_link_d\" title=\"Download\" rel=\"nofollow\" download=\"905_Bhagavad_Gita_II_25.mp3\">Download<\/a><\/p>\n<p>\u201eVon Ihm, dem<a href=\"https:\/\/wiki.yoga-vidya.de\/Selbst\" target=\"_blank\" rel=\"noopener noreferrer\"> Selbst<\/a>, hei\u00dft es, Es sei nicht sichtbar, gedanklich nicht fassbar und unver\u00e4nderlich. Da du wei\u00dft, dass Es so ist, sorge dich nicht.\u201c<\/p>\n<p><a href=\"https:\/\/wiki.yoga-vidya.de\/Arjuna\" target=\"_blank\" rel=\"noopener noreferrer\">Arjuna<\/a> ist verzweifelt, er steht vor einer schwierigen <a href=\"https:\/\/wiki.yoga-vidya.de\/Entscheidung\" target=\"_blank\" rel=\"noopener noreferrer\">Entscheidung<\/a> und wei\u00df, egal, wie es sich entscheidet, er wird Probleme haben und anderen Probleme verursachen. <a href=\"https:\/\/www.yoga-vidya.de\/Bilder\/Galerien\/Krishnatext.html\" target=\"_blank\" rel=\"noopener noreferrer\">Krishna<\/a> will ihm aus dieser <a href=\"https:\/\/wiki.yoga-vidya.de\/Verzweiflung\" target=\"_blank\" rel=\"noopener noreferrer\">Verzweiflung<\/a> heraushelfen. Er sagt in den ersten Worten etwas \u00fcber die Unsterblichkeit der Seele. Und aus dieser <a href=\"https:\/\/wiki.yoga-vidya.de\/Unsterblichkeit\" target=\"_blank\" rel=\"noopener noreferrer\">Unsterblichkeit<\/a> der <a href=\"https:\/\/wiki.yoga-vidya.de\/Seele\" target=\"_blank\" rel=\"noopener noreferrer\">Seele<\/a> heraus, kann Arjuna gelassen handeln, <a href=\"https:\/\/wiki.yoga-vidya.de\/Gelassenheit\" target=\"_blank\" rel=\"noopener noreferrer\">gelassen<\/a> sich entscheiden. Krishna sagt jetzt aber auch Arjuna, \u201edas Selbst ist nicht sichtbar, es ist gedanklich nicht fassbar\u201c. Das macht es so schwierig, dar\u00fcber zu sprechen. Das macht es fast ein bisschen langweilig, immer wieder dar\u00fcber zu sprechen. Ich bin ja die letzten Wochen dabei, immer wieder das Gleiche zu sagen, weil ich jedes Mal \u00fcber einen neuen Vers der <a href=\"https:\/\/www.yoga-vidya.de\/Yoga--Buch\/bhagavad-gita\/\">Bhagavad Gita<\/a> spreche. Das Selbst ist unsterblich, ewig, unendlich. Wie kann man das gedanklich fassen? Die <a href=\"https:\/\/wiki.yoga-vidya.de\/Ewigkeit\" target=\"_blank\" rel=\"noopener noreferrer\">Ewigkeit<\/a> ist nicht gedanklich fassbar, das ist ein Begriff. Oder \u201eunendlich\u201c, wie will man das gedanklich fassen? Kein Konzept kann der Unendlichkeit, der Ewigkeit entsprechen. Wir k\u00f6nnen Worte gebrauchen, aber was bedeuten sie? Wir k\u00f6nnen durch Worte bewusst sein, \u201eja, das hat einen Anfang, das hat ein Ende, das kann ich beobachten, das ist der Beobachter\u201c. Ich kann mich l\u00f6sen vom Beobachtbaren. Ich kann mich l\u00f6sen vom Verg\u00e4nglichen. Ich kann mir bewusst sein, \u201etief in mir ist ein fester Kern\u201e. So weit k\u00f6nnen wir gehen. Es ist gut, sich dessen bewusst zu sein. Nur, das Ewige an sich, das Selbst an sich, ist nicht gedanklich fassbar. Es ist auch nicht philosophisch klar zu beschreiben. Es ist aber erfahrbar. Es ist erfahrbar im <a href=\"https:\/\/wiki.yoga-vidya.de\/Alltag\" target=\"_blank\" rel=\"noopener noreferrer\">Alltag<\/a>. Es ist vor allen Dingen erfahrbar in der <a href=\"https:\/\/www.yoga-vidya.de\/meditation.html\" target=\"_blank\" rel=\"noopener noreferrer\">Meditation<\/a>. Es hei\u00dft, man soll mit dem Schwert der <a href=\"https:\/\/wiki.yoga-vidya.de\/Unterscheidungskraft\" target=\"_blank\" rel=\"noopener noreferrer\">Unterscheidungskraft<\/a> das Verg\u00e4ngliche durchdringen. Wenn man so mit dem Schwert der Unterscheidungskraft alle <a href=\"https:\/\/wiki.yoga-vidya.de\/Verhaftung\" target=\"_blank\" rel=\"noopener noreferrer\">Verhaftungen<\/a> abgelegt hat, dann kann man in seine wahre <a href=\"https:\/\/wiki.yoga-vidya.de\/Wirklichkeit\" target=\"_blank\" rel=\"noopener noreferrer\">Wirklichkeit<\/a> eintauchen. Erkennen, erfahren, sp\u00fcren, bewusst werden, was man wirklich ist. Das Selbst kann nicht gedanklich erfasst werden, aber man kann das Selbst sein.<\/p>\n","protected":false},"excerpt":{"rendered":"<p>Bhagavad Gita, 2. Kapitel, 25. Vers:\u00a0 \u201eVon Ihm, dem Selbst, hei\u00dft es, Es sei nicht sichtbar, gedanklich nicht fassbar und unver\u00e4nderlich. Da du wei\u00dft, dass Es so ist, sorge dich nicht.\u201c Arjuna ist verzweifelt, er steht vor einer schwierigen Entscheidung und wei\u00df, egal, wie es sich &hellip; <\/p>\n<p><a href=\"https:\/\/schriften.yoga-vidya.de\/bhagavad-gita\/02-25-kommentar-2-von-sukadev\/\" class=\"more-link\"><span class=\"morelink-icon\">Weiterlesen<\/span><\/a><\/p>\n","protected":false},"author":5,"featured_media":0,"comment_status":"open","ping_status":"open","sticky":false,"template":"","format":"standard","meta":{"footnotes":""},"categories":[4],"tags":[138,820],"class_list":["post-12038","post","type-post","status-publish","format-standard","hentry","category-02-kapitel","tag-2-kapitel-25-vers","tag-zweitkommentar-sukadev"],"_links":{"self":[{"href":"https:\/\/schriften.yoga-vidya.de\/bhagavad-gita\/wp-json\/wp\/v2\/posts\/12038","targetHints":{"allow":["GET"]}}],"collection":[{"href":"https:\/\/schriften.yoga-vidya.de\/bhagavad-gita\/wp-json\/wp\/v2\/posts"}],"about":[{"href":"https:\/\/schriften.yoga-vidya.de\/bhagavad-gita\/wp-json\/wp\/v2\/types\/post"}],"author":[{"embeddable":true,"href":"https:\/\/schriften.yoga-vidya.de\/bhagavad-gita\/wp-json\/wp\/v2\/users\/5"}],"replies":[{"embeddable":true,"href":"https:\/\/schriften.yoga-vidya.de\/bhagavad-gita\/wp-json\/wp\/v2\/comments?post=12038"}],"version-history":[{"count":1,"href":"https:\/\/schriften.yoga-vidya.de\/bhagavad-gita\/wp-json\/wp\/v2\/posts\/12038\/revisions"}],"predecessor-version":[{"id":21656,"href":"https:\/\/schriften.yoga-vidya.de\/bhagavad-gita\/wp-json\/wp\/v2\/posts\/12038\/revisions\/21656"}],"wp:attachment":[{"href":"https:\/\/schriften.yoga-vidya.de\/bhagavad-gita\/wp-json\/wp\/v2\/media?parent=12038"}],"wp:term":[{"taxonomy":"category","embeddable":true,"href":"https:\/\/schriften.yoga-vidya.de\/bhagavad-gita\/wp-json\/wp\/v2\/categories?post=12038"},{"taxonomy":"post_tag","embeddable":true,"href":"https:\/\/schriften.yoga-vidya.de\/bhagavad-gita\/wp-json\/wp\/v2\/tags?post=12038"}],"curies":[{"name":"wp","href":"https:\/\/api.w.org\/{rel}","templated":true}]}}