{"id":11997,"date":"2011-07-18T17:00:47","date_gmt":"2011-07-18T15:00:47","guid":{"rendered":"http:\/\/schriften.yoga-vidya.de\/bhagavad-gita\/?p=11997"},"modified":"2019-09-21T16:08:53","modified_gmt":"2019-09-21T14:08:53","slug":"02-13-kommentar-2-von-sukadev","status":"publish","type":"post","link":"https:\/\/schriften.yoga-vidya.de\/bhagavad-gita\/02-13-kommentar-2-von-sukadev\/","title":{"rendered":"02-13 Kommentar 2 von Sukadev"},"content":{"rendered":"<p><em><strong><a href=\"https:\/\/www.yoga-vidya.de\/Yoga--Buch\/bhagavad-gita\/\" target=\"_blank\" rel=\"noopener noreferrer\">Bhagavad Gita<\/a>, 2. Kapitel, 13. Vers Sei dir des Unverg\u00e4nglichen inmitten des Verg\u00e4nglichen bewusst<\/strong><\/em><\/p>\n<div class=\"powerpress_player\" id=\"powerpress_player_5144\"><a href=\"https:\/\/jkv3wg.podcaster.de\/download\/893_Bhagavad_Gita_II_13.mp3\" title=\"Play\" onclick=\"return powerpress_embed_html5a('5144','https:\/\/jkv3wg.podcaster.de\/download\/893_Bhagavad_Gita_II_13.mp3');\" target=\"_blank\"><img decoding=\"async\" src=\"https:\/\/schriften.yoga-vidya.de\/bhagavad-gita\/wp-content\/plugins\/powerpress\/play_audio.png\" title=\"Play\" alt=\"Play\" style=\"border:0;\" width=\"23px\" height=\"24px\" \/><\/a><\/div>\n<p class=\"powerpress_links powerpress_links_mp3\" style=\"margin-bottom: 1px !important;\">Podcast: <a href=\"https:\/\/jkv3wg.podcaster.de\/download\/893_Bhagavad_Gita_II_13.mp3\" class=\"powerpress_link_pinw\" target=\"_blank\" title=\"Play in new window\" onclick=\"return powerpress_pinw('https:\/\/schriften.yoga-vidya.de\/bhagavad-gita\/?powerpress_pinw=11997-podcast');\" rel=\"nofollow\">Play in new window<\/a> | <a href=\"https:\/\/jkv3wg.podcaster.de\/download\/893_Bhagavad_Gita_II_13.mp3\" class=\"powerpress_link_d\" title=\"Download\" rel=\"nofollow\" download=\"893_Bhagavad_Gita_II_13.mp3\">Download<\/a><\/p>\n<p>\u201eSo wie in diesem <a href=\"https:\/\/wiki.yoga-vidya.de\/K\u00f6rper\" target=\"_blank\" rel=\"noopener noreferrer\">K\u00f6rper<\/a> das Verk\u00f6rperte, die <a href=\"https:\/\/wiki.yoga-vidya.de\/Seele\" target=\"_blank\" rel=\"noopener noreferrer\">Seele<\/a>, durch <a href=\"https:\/\/wiki.yoga-vidya.de\/Kindheit\" target=\"_blank\" rel=\"noopener noreferrer\">Kindheit<\/a>, Jugend und <a href=\"https:\/\/wiki.yoga-vidya.de\/Alter\" target=\"_blank\" rel=\"noopener noreferrer\">Alter<\/a> geht, so geht es auch in einen anderen K\u00f6rper. Der unersch\u00fctterliche <a href=\"https:\/\/www.yoga-vidya.de\/Yoga--Artikel\/Art-Artikel\/art_mensch.html\" target=\"_blank\" rel=\"noopener noreferrer\">Mensch<\/a> sorgt sich nicht darum.\u201c<\/p>\n<p>Hallo und herzlich willkommen zu den <a href=\"https:\/\/www.yoga-vidya.de\/\">Yoga<\/a> Vidya t\u00e4glichen Inspirationen. Ich gehe momentan durch die Verse der Bhagavad Gita. Hier wieder ein ganz entscheidender Vers. <a href=\"https:\/\/www.yoga-vidya.de\/Bilder\/Galerien\/Krishnatext.html\" target=\"_blank\" rel=\"noopener noreferrer\">Krishna<\/a> sagt, es gibt etwas Ewiges, es gibt etwas Unendliches, es gibt etwas Best\u00e4ndiges. Dieses Ewige und Best\u00e4ndige bleibt gleich inmitten von <a href=\"https:\/\/wiki.yoga-vidya.de\/Geburt\" target=\"_blank\" rel=\"noopener noreferrer\">Geburt<\/a> und <a href=\"https:\/\/www.yoga-vidya.de\/reinkarnation-wiedergeburt\/tod.html\" target=\"_blank\" rel=\"noopener noreferrer\">Tod<\/a>. Denke auch schon in diesem <a href=\"https:\/\/www.yoga-vidya.de\/gemeinschaft\/Lebensgemeinschaft.html\" target=\"_blank\" rel=\"noopener noreferrer\">Leben<\/a> daran. So vieles hat sich in diesem Leben schon ver\u00e4ndert. Vom <a href=\"https:\/\/www.yoga-vidya.de\/ausbildung-weiterbildung\/ayurveda-ausbildung\/schwangerschafts-und-baby-massage.html\" target=\"_blank\" rel=\"noopener noreferrer\">Baby<\/a> bist du zum Kleinkind geworden, zum <a href=\"http:\/\/www.kinder-yoga.cc\/\" target=\"_blank\" rel=\"noopener noreferrer\">Kind<\/a>, zum Jugendlichen, jetzt als Erwachsener. Und vielleicht bist du auch schon als Erwachsener durch verschiedene Lebensstadien durchgegangen. Deine <a href=\"https:\/\/wiki.yoga-vidya.de\/Wahrnehmung\" target=\"_blank\" rel=\"noopener noreferrer\">Wahrnehmung<\/a> der <a href=\"https:\/\/wiki.yoga-vidya.de\/Welt\" target=\"_blank\" rel=\"noopener noreferrer\">Welt<\/a> hat sich ver\u00e4ndert, dein K\u00f6rper hat sich ver\u00e4ndert, deine \u00dcberzeugungen, deine \u00e4u\u00dferen T\u00e4tigkeiten, vielleicht auch, mindestens einige, der Menschen, die dir wichtig sind. All das hat sich ver\u00e4ndert. Aber etwas ist gleichgeblieben, dein <a href=\"https:\/\/wiki.yoga-vidya.de\/Bewusstsein\" target=\"_blank\" rel=\"noopener noreferrer\">Bewusstsein<\/a>, die Seele. Und diese Seele bleibt auch gleich nach dem physischen Tod. Auch nach dem physischen Tod ist die Seele weiter da und diese Seele wird auch in einen neuen K\u00f6rper gehen. Vor dem Hintergrund dieser <a href=\"https:\/\/wiki.yoga-vidya.de\/Unendlichkeit\" target=\"_blank\" rel=\"noopener noreferrer\">Unendlichkeit<\/a> und der <a href=\"https:\/\/wiki.yoga-vidya.de\/Ewigkeit\" target=\"_blank\" rel=\"noopener noreferrer\">Ewigkeit<\/a> kannst du das, was im <a href=\"https:\/\/wiki.yoga-vidya.de\/Alltag\" target=\"_blank\" rel=\"noopener noreferrer\">Alltag<\/a> ansteht, <a href=\"https:\/\/wiki.yoga-vidya.de\/Gelassenheit\" target=\"_blank\" rel=\"noopener noreferrer\">gelassen<\/a> angehen.<\/p>\n","protected":false},"excerpt":{"rendered":"<p>Bhagavad Gita, 2. Kapitel, 13. Vers Sei dir des Unverg\u00e4nglichen inmitten des Verg\u00e4nglichen bewusst \u201eSo wie in diesem K\u00f6rper das Verk\u00f6rperte, die Seele, durch Kindheit, Jugend und Alter geht, so geht es auch in einen anderen K\u00f6rper. Der unersch\u00fctterliche Mensch sorgt sich nicht darum.\u201c Hallo und &hellip; <\/p>\n<p><a href=\"https:\/\/schriften.yoga-vidya.de\/bhagavad-gita\/02-13-kommentar-2-von-sukadev\/\" class=\"more-link\"><span class=\"morelink-icon\">Weiterlesen<\/span><\/a><\/p>\n","protected":false},"author":5,"featured_media":0,"comment_status":"open","ping_status":"open","sticky":false,"template":"","format":"standard","meta":{"footnotes":""},"categories":[4],"tags":[125,820],"class_list":["post-11997","post","type-post","status-publish","format-standard","hentry","category-02-kapitel","tag-2-kapitel-13-vers","tag-zweitkommentar-sukadev"],"_links":{"self":[{"href":"https:\/\/schriften.yoga-vidya.de\/bhagavad-gita\/wp-json\/wp\/v2\/posts\/11997","targetHints":{"allow":["GET"]}}],"collection":[{"href":"https:\/\/schriften.yoga-vidya.de\/bhagavad-gita\/wp-json\/wp\/v2\/posts"}],"about":[{"href":"https:\/\/schriften.yoga-vidya.de\/bhagavad-gita\/wp-json\/wp\/v2\/types\/post"}],"author":[{"embeddable":true,"href":"https:\/\/schriften.yoga-vidya.de\/bhagavad-gita\/wp-json\/wp\/v2\/users\/5"}],"replies":[{"embeddable":true,"href":"https:\/\/schriften.yoga-vidya.de\/bhagavad-gita\/wp-json\/wp\/v2\/comments?post=11997"}],"version-history":[{"count":1,"href":"https:\/\/schriften.yoga-vidya.de\/bhagavad-gita\/wp-json\/wp\/v2\/posts\/11997\/revisions"}],"predecessor-version":[{"id":21644,"href":"https:\/\/schriften.yoga-vidya.de\/bhagavad-gita\/wp-json\/wp\/v2\/posts\/11997\/revisions\/21644"}],"wp:attachment":[{"href":"https:\/\/schriften.yoga-vidya.de\/bhagavad-gita\/wp-json\/wp\/v2\/media?parent=11997"}],"wp:term":[{"taxonomy":"category","embeddable":true,"href":"https:\/\/schriften.yoga-vidya.de\/bhagavad-gita\/wp-json\/wp\/v2\/categories?post=11997"},{"taxonomy":"post_tag","embeddable":true,"href":"https:\/\/schriften.yoga-vidya.de\/bhagavad-gita\/wp-json\/wp\/v2\/tags?post=11997"}],"curies":[{"name":"wp","href":"https:\/\/api.w.org\/{rel}","templated":true}]}}